{"id":358761,"date":"2025-09-01T17:07:10","date_gmt":"2025-09-01T17:07:10","guid":{"rendered":"https:\/\/www.europesays.com\/fr\/358761\/"},"modified":"2025-09-01T17:07:10","modified_gmt":"2025-09-01T17:07:10","slug":"toulon-une-supercellule-orageuse-sur-le-var","status":"publish","type":"post","link":"https:\/\/www.europesays.com\/fr\/358761\/","title":{"rendered":"TOULON : Une supercellule orageuse sur le Var"},"content":{"rendered":"<p><strong>Arriv\u00e9e imminente sur les c\u00f4tes varoises Var d\u2019une supercellule orageuse.<\/strong><\/p>\n<p>Restez prudents dans vos d\u00e9placements.<\/p>\n<p><strong>METEO \u2013 Une nouvelle supercellule orageuse se dirige vers le Var<\/strong><\/p>\n<p>Le d\u00e9partement du Var reste en vigilance ORANGE orages et pluie \u2013 inondation jusqu\u2019\u00e0 18h.<br \/>Actuellement, une nouvelle supercellule orageuse se situe au large du Parc des calanques et se dirige sur le Var. Ces d\u00e9veloppements orageux peuvent alors \u00eatre peu mobiles avec des intensit\u00e9s de l\u2019ordre de 40 \u00e0 50 mm entre Saint-Cyr-sur-mer et Le Lavandou. En cas de stationnarit\u00e9 av\u00e9r\u00e9e, les cumuls sur l\u2019\u00e9pisode pourraient atteindre les 80 mm voire localement plus. Chute de gr\u00eale possible sur le bord de c\u00f4te.<br \/>Le pr\u00e9fet du Var appelle \u00e0 la vigilance lors de tout d\u00e9placement et \u00e0 faire preuve de prudence \u00e0 proximit\u00e9 des cours d\u2019eau.<\/p>\n<p><strong>Consignes de prudence lors d\u2019orages :<\/strong><\/p>\n<p>\u2013 s\u2019\u00e9loigner des arbres et des cours d\u2019eau<br \/>\u2013 s\u2019abriter dans un b\u00e2timent en dur<br \/>\u2013 se tenir inform\u00e9 et \u00e9viter de se d\u00e9placer<br \/>\u2013 prot\u00e9ger ses biens expos\u00e9s au vent ou qui peuvent \u00eatre inond\u00e9s<br \/>\u2013 \u00e9viter d\u2019utiliser les appareils \u00e9lectriques<\/p>\n<p><strong>Consignes de prudence lors de pluie-inondation et crues :<\/strong><\/p>\n<p>\u2013 limiter ses d\u00e9placements<br \/>\u2013 ne pas s\u2019engager \u00e0 pied ou en voiture sur une voie immerg\u00e9e<br \/>\u2013 ne pas s\u2019approcher des cours d\u2019eau ou zones habituellement inond\u00e9es<br \/>\u2013 suivre la situation en consultant www.vigicrues.gouv.fr<br \/>\u2013 ne pas descendre dans les sous-sols, les parkings souterrains, les caves\u2026<\/p>\n","protected":false},"excerpt":{"rendered":"Arriv\u00e9e imminente sur les c\u00f4tes varoises Var d\u2019une supercellule orageuse. Restez prudents dans vos d\u00e9placements. METEO \u2013 Une&hellip;\n","protected":false},"author":2,"featured_media":317073,"comment_status":"","ping_status":"","sticky":false,"template":"","format":"standard","meta":{"footnotes":""},"categories":[9619],"tags":[1111,11,1777,674,1011,27,12,882,25,2310],"class_list":{"0":"post-358761","1":"post","2":"type-post","3":"status-publish","4":"format-standard","5":"has-post-thumbnail","7":"category-toulon","8":"tag-actu","9":"tag-actualites","10":"tag-eu","11":"tag-europe","12":"tag-fr","13":"tag-france","14":"tag-news","15":"tag-provence-alpes-cote-dazur","16":"tag-republique-francaise","17":"tag-toulon"},"share_on_mastodon":{"url":"https:\/\/pubeurope.com\/@fr\/115130141472747342","error":""},"_links":{"self":[{"href":"https:\/\/www.europesays.com\/fr\/wp-json\/wp\/v2\/posts\/358761","targetHints":{"allow":["GET"]}}],"collection":[{"href":"https:\/\/www.europesays.com\/fr\/wp-json\/wp\/v2\/posts"}],"about":[{"href":"https:\/\/www.europesays.com\/fr\/wp-json\/wp\/v2\/types\/post"}],"author":[{"embeddable":true,"href":"https:\/\/www.europesays.com\/fr\/wp-json\/wp\/v2\/users\/2"}],"replies":[{"embeddable":true,"href":"https:\/\/www.europesays.com\/fr\/wp-json\/wp\/v2\/comments?post=358761"}],"version-history":[{"count":0,"href":"https:\/\/www.europesays.com\/fr\/wp-json\/wp\/v2\/posts\/358761\/revisions"}],"wp:featuredmedia":[{"embeddable":true,"href":"https:\/\/www.europesays.com\/fr\/wp-json\/wp\/v2\/media\/317073"}],"wp:attachment":[{"href":"https:\/\/www.europesays.com\/fr\/wp-json\/wp\/v2\/media?parent=358761"}],"wp:term":[{"taxonomy":"category","embeddable":true,"href":"https:\/\/www.europesays.com\/fr\/wp-json\/wp\/v2\/categories?post=358761"},{"taxonomy":"post_tag","embeddable":true,"href":"https:\/\/www.europesays.com\/fr\/wp-json\/wp\/v2\/tags?post=358761"}],"curies":[{"name":"wp","href":"https:\/\/api.w.org\/{rel}","templated":true}]}}