{"id":358762,"date":"2025-09-01T17:08:11","date_gmt":"2025-09-01T17:08:11","guid":{"rendered":"https:\/\/www.europesays.com\/fr\/358762\/"},"modified":"2025-09-01T17:08:11","modified_gmt":"2025-09-01T17:08:11","slug":"le-mois-dinte-pour-les-etudiants-en-medecine-a-demarre-ce-1er-septembre-a-montpellier","status":"publish","type":"post","link":"https:\/\/www.europesays.com\/fr\/358762\/","title":{"rendered":"\u00ab\u00a0Le mois d\u2019int\u00e9\u00a0\u00bb pour les \u00e9tudiants en m\u00e9decine a d\u00e9marr\u00e9 ce 1er\u00a0septembre \u00e0 Montpellier"},"content":{"rendered":"<p>\n                                                                Le mois d\u2019int\u00e9gration, qui vise \u00e0 cr\u00e9er de la coh\u00e9sion entre les \u00e9tudiants en m\u00e9decin et \u00e9tudes de sant\u00e9, a d\u00e9marr\u00e9 \u00e0 Montpellier.\n                            <\/p>\n<p>\u00c0 Montpellier, en septembre, la rentr\u00e9e universitaire ne se d\u00e9roule pas qu\u2019en amphi. Des groupes d\u2019\u00e9tudiants, souvent d\u00e9guis\u00e9s, se retrouvent sur la Com\u00e9die, l\u2019esplanade ou m\u00eame \u00e0 la plage pour relever les d\u00e9fis du \u00ab\u00a0mois d\u2019int\u00e9gration\u00a0\u00bb. Cette tradition, h\u00e9rit\u00e9e des anciens bizutages, est surtout respect\u00e9e dans les fili\u00e8res des \u00e9tudes de sant\u00e9. L\u2019objectif principal est de cr\u00e9er de la coh\u00e9sion entre les \u00e9l\u00e8ves. Hier, ils \u00e9taient plusieurs groupes d\u2019une cinquantaine\u00a0d\u2019\u00e9tudiants en pharmacie et en m\u00e9decine \u00e0 participer \u00e0 ces activit\u00e9s dans le jardin du Champ de Mars devant le regard\u00a0curieux des passants.<\/p>\n<p>Discr\u00e9tion obligatoire sur les rites initiatiques<\/p>\n<p>Si un grand myst\u00e8re r\u00e8gne autour de ces rendez-vous festifs \u2013 les \u00e9tudiants ont pour ordre de rester discrets \u2013 ils se d\u00e9roulent dans un esprit bon enfant et toujours sur la base\u00a0du volontariat. Alors ne vous \u00e9tonnez pas si vous apercevez ces bandes de jeunes, la bonne humeur reste le mot d\u2019ordre\u2026<\/p>\n","protected":false},"excerpt":{"rendered":"Le mois d\u2019int\u00e9gration, qui vise \u00e0 cr\u00e9er de la coh\u00e9sion entre les \u00e9tudiants en m\u00e9decin et \u00e9tudes de&hellip;\n","protected":false},"author":2,"featured_media":358763,"comment_status":"","ping_status":"","sticky":false,"template":"","format":"standard","meta":{"footnotes":""},"categories":[9599],"tags":[1111,11,1777,674,1011,27,2208,12,2680,25],"class_list":{"0":"post-358762","1":"post","2":"type-post","3":"status-publish","4":"format-standard","5":"has-post-thumbnail","7":"category-montpellier","8":"tag-actu","9":"tag-actualites","10":"tag-eu","11":"tag-europe","12":"tag-fr","13":"tag-france","14":"tag-montpellier","15":"tag-news","16":"tag-occitanie","17":"tag-republique-francaise"},"share_on_mastodon":{"url":"https:\/\/pubeurope.com\/@fr\/115130145472899114","error":""},"_links":{"self":[{"href":"https:\/\/www.europesays.com\/fr\/wp-json\/wp\/v2\/posts\/358762","targetHints":{"allow":["GET"]}}],"collection":[{"href":"https:\/\/www.europesays.com\/fr\/wp-json\/wp\/v2\/posts"}],"about":[{"href":"https:\/\/www.europesays.com\/fr\/wp-json\/wp\/v2\/types\/post"}],"author":[{"embeddable":true,"href":"https:\/\/www.europesays.com\/fr\/wp-json\/wp\/v2\/users\/2"}],"replies":[{"embeddable":true,"href":"https:\/\/www.europesays.com\/fr\/wp-json\/wp\/v2\/comments?post=358762"}],"version-history":[{"count":0,"href":"https:\/\/www.europesays.com\/fr\/wp-json\/wp\/v2\/posts\/358762\/revisions"}],"wp:featuredmedia":[{"embeddable":true,"href":"https:\/\/www.europesays.com\/fr\/wp-json\/wp\/v2\/media\/358763"}],"wp:attachment":[{"href":"https:\/\/www.europesays.com\/fr\/wp-json\/wp\/v2\/media?parent=358762"}],"wp:term":[{"taxonomy":"category","embeddable":true,"href":"https:\/\/www.europesays.com\/fr\/wp-json\/wp\/v2\/categories?post=358762"},{"taxonomy":"post_tag","embeddable":true,"href":"https:\/\/www.europesays.com\/fr\/wp-json\/wp\/v2\/tags?post=358762"}],"curies":[{"name":"wp","href":"https:\/\/api.w.org\/{rel}","templated":true}]}}