{"id":358766,"date":"2025-09-01T17:10:09","date_gmt":"2025-09-01T17:10:09","guid":{"rendered":"https:\/\/www.europesays.com\/fr\/358766\/"},"modified":"2025-09-01T17:10:09","modified_gmt":"2025-09-01T17:10:09","slug":"pres-de-rouen-des-chevres-a-la-rescousse-dune-commune-envahie-par-une-plante-invasive","status":"publish","type":"post","link":"https:\/\/www.europesays.com\/fr\/358766\/","title":{"rendered":"Pr\u00e8s de Rouen, des ch\u00e8vres \u00e0 la rescousse d&rsquo;une commune envahie par une plante invasive"},"content":{"rendered":"<p>            Par<br \/>\n        <strong><br \/>\n            <a href=\"https:\/\/actu.fr\/auteur\/laredaction\" title=\"Consulter tous les articles de R\u00e9daction Normandie\" target=\"_blank\" rel=\"noopener\">R\u00e9daction Normandie<\/a><br \/>\n        <\/strong><\/p>\n<p>        Publi\u00e9 le<\/p>\n<p>            1 sept. 2025 \u00e0 18h01        <\/p>\n<p>Face \u00e0 la prolif\u00e9ration de <strong>la renou\u00e9e du Japon<\/strong>, plante invasive qui menace la biodiversit\u00e9, la Ville de <a href=\"https:\/\/actu.fr\/normandie\/malaunay_76402\" target=\"_blank\" rel=\"noopener\">Malaunay (Seine-Maritime)<\/a> a choisi <strong>une m\u00e9thode douce<\/strong>, efficace et respectueuse de l\u2019environnement. Elle a fait appel \u00e0 de petites ch\u00e8vres capables d\u2019en venir \u00e0 bout.<\/p>\n<p>Installation des ch\u00e8vres, fin ao\u00fbt<\/p>\n<p class=\" wall-content\">Le chemin du Bois-du-Roule servira de<strong> premier terrain d\u2019exp\u00e9rimentation<\/strong>. Apr\u00e8s une coupe manuelle fin juillet, les ch\u00e8vres seront install\u00e9es<strong> fin ao\u00fbt 2025<\/strong>, au moment o\u00f9 la plante reprend sa vigueur. Elles y p\u00e2tureront librement pendant plusieurs semaines et reviendront r\u00e9guli\u00e8rement jusqu\u2019\u00e0 l\u2019\u00e9radication compl\u00e8te de la renou\u00e9e.<\/p>\n<p class=\" wall-content\">Pour garantir la s\u00e9curit\u00e9 des habitants, comme des animaux, le chemin sera temporairement ferm\u00e9 et entour\u00e9 d\u2019une cl\u00f4ture \u00e9lectrifi\u00e9e, ainsi que de barri\u00e8res. Un arr\u00eat\u00e9 municipal, accompagn\u00e9 d\u2019un panneau explicatif, viendra informer et sensibiliser le public.<\/p>\n<p>Suivez l\u2019actualit\u00e9 de Rouen <a href=\"https:\/\/www.whatsapp.com\/channel\/0029VaKfnf99hXF2ddApFB1D\" target=\"_blank\" rel=\"noopener\">sur notre cha\u00eene WhatsApp<\/a> et <a href=\"https:\/\/www.tiktok.com\/@76actu.fr?lang=fr\" target=\"_blank\" rel=\"noopener\">sur notre compte TikTok<\/a><\/p>\n<p class=\" wall-content\">Personnalisez votre actualit\u00e9 en ajoutant vos villes et m\u00e9dias en favori avec <a href=\"https:\/\/moncompte.actu.fr\" title=\"D\u00e9couvez Mon Actu\" rel=\"nofollow noopener\" data-trk=\"{&quot;cta&quot;:{&quot;action&quot;:&quot;https:\\\/\\\/moncompte.actu.fr&quot;,&quot;category&quot;:&quot;mon compte&quot;,&quot;from&quot;:&quot;article footer&quot;,&quot;name&quot;:&quot;Mon actu&quot;,&quot;type&quot;:&quot;cta&quot;}}\" target=\"_blank\">Mon Actu<\/a>.<\/p>\n<p>                    <script async src=\"\/\/www.tiktok.com\/embed.js\"><\/script><\/p>\n","protected":false},"excerpt":{"rendered":"Par R\u00e9daction Normandie Publi\u00e9 le 1 sept. 2025 \u00e0 18h01 Face \u00e0 la prolif\u00e9ration de la renou\u00e9e du&hellip;\n","protected":false},"author":2,"featured_media":358767,"comment_status":"","ping_status":"","sticky":false,"template":"","format":"standard","meta":{"footnotes":""},"categories":[9587],"tags":[1111,11,1867,1777,674,1011,27,1757,12,5161,25,9590],"class_list":{"0":"post-358766","1":"post","2":"type-post","3":"status-publish","4":"format-standard","5":"has-post-thumbnail","7":"category-rouen","8":"tag-actu","9":"tag-actualites","10":"tag-animaux","11":"tag-eu","12":"tag-europe","13":"tag-fr","14":"tag-france","15":"tag-insolite","16":"tag-news","17":"tag-normandie","18":"tag-republique-francaise","19":"tag-rouen"},"share_on_mastodon":{"url":"https:\/\/pubeurope.com\/@fr\/115130153398433189","error":""},"_links":{"self":[{"href":"https:\/\/www.europesays.com\/fr\/wp-json\/wp\/v2\/posts\/358766","targetHints":{"allow":["GET"]}}],"collection":[{"href":"https:\/\/www.europesays.com\/fr\/wp-json\/wp\/v2\/posts"}],"about":[{"href":"https:\/\/www.europesays.com\/fr\/wp-json\/wp\/v2\/types\/post"}],"author":[{"embeddable":true,"href":"https:\/\/www.europesays.com\/fr\/wp-json\/wp\/v2\/users\/2"}],"replies":[{"embeddable":true,"href":"https:\/\/www.europesays.com\/fr\/wp-json\/wp\/v2\/comments?post=358766"}],"version-history":[{"count":0,"href":"https:\/\/www.europesays.com\/fr\/wp-json\/wp\/v2\/posts\/358766\/revisions"}],"wp:featuredmedia":[{"embeddable":true,"href":"https:\/\/www.europesays.com\/fr\/wp-json\/wp\/v2\/media\/358767"}],"wp:attachment":[{"href":"https:\/\/www.europesays.com\/fr\/wp-json\/wp\/v2\/media?parent=358766"}],"wp:term":[{"taxonomy":"category","embeddable":true,"href":"https:\/\/www.europesays.com\/fr\/wp-json\/wp\/v2\/categories?post=358766"},{"taxonomy":"post_tag","embeddable":true,"href":"https:\/\/www.europesays.com\/fr\/wp-json\/wp\/v2\/tags?post=358766"}],"curies":[{"name":"wp","href":"https:\/\/api.w.org\/{rel}","templated":true}]}}