{"id":358770,"date":"2025-09-01T17:12:28","date_gmt":"2025-09-01T17:12:28","guid":{"rendered":"https:\/\/www.europesays.com\/fr\/358770\/"},"modified":"2025-09-01T17:12:28","modified_gmt":"2025-09-01T17:12:28","slug":"sassenage-un-concours-de-petanque-reussi","status":"publish","type":"post","link":"https:\/\/www.europesays.com\/fr\/358770\/","title":{"rendered":"Sassenage. Un concours de p\u00e9tanque r\u00e9ussi"},"content":{"rendered":"<p>Une semaine apr\u00e8s le succ\u00e8s de la Foire m\u00e9di\u00e9vale de Sassenage, l\u2019US Sassenage football effectuait son grand retour au complexe Vieux-Melchior, avec son traditionnel concours de p\u00e9tanque de la rentr\u00e9e. Un rendez-vous, toujours convivial, organis\u00e9 chaque ann\u00e9e en hommage \u00e0 Jean-Louis Zezza, ancien joueur et pr\u00e9sident du club, disparu pr\u00e9matur\u00e9ment dans un accident de moto.<\/p>\n<p>Cet \u00e9v\u00e9nement, qui permet de r\u00e9unir tous les membres du club apr\u00e8s quelques semaines de pause, reste l\u2019un des grands temps forts de l\u2019ann\u00e9e. L\u2019ambiance \u00e9tait \u00e0 la fois comp\u00e9titive et familiale.<\/p>\n","protected":false},"excerpt":{"rendered":"Une semaine apr\u00e8s le succ\u00e8s de la Foire m\u00e9di\u00e9vale de Sassenage, l\u2019US Sassenage football effectuait son grand retour&hellip;\n","protected":false},"author":2,"featured_media":358771,"comment_status":"","ping_status":"","sticky":false,"template":"","format":"standard","meta":{"footnotes":""},"categories":[9566],"tags":[1111,11,2430,1687,112,1777,674,1011,27,2731,12278,12,25,16668],"class_list":{"0":"post-358770","1":"post","2":"type-post","3":"status-publish","4":"format-standard","5":"has-post-thumbnail","7":"category-grenoble","8":"tag-actu","9":"tag-actualites","10":"tag-auvergne-rhone-alpes","11":"tag-culture-loisirs","12":"tag-edition-grenoble-agglomeration","13":"tag-eu","14":"tag-europe","15":"tag-fr","16":"tag-france","17":"tag-grenoble","18":"tag-lagglomeration-et-le-vercors","19":"tag-news","20":"tag-republique-francaise","21":"tag-sassenage"},"share_on_mastodon":{"url":"https:\/\/pubeurope.com\/@fr\/115130161147900053","error":""},"_links":{"self":[{"href":"https:\/\/www.europesays.com\/fr\/wp-json\/wp\/v2\/posts\/358770","targetHints":{"allow":["GET"]}}],"collection":[{"href":"https:\/\/www.europesays.com\/fr\/wp-json\/wp\/v2\/posts"}],"about":[{"href":"https:\/\/www.europesays.com\/fr\/wp-json\/wp\/v2\/types\/post"}],"author":[{"embeddable":true,"href":"https:\/\/www.europesays.com\/fr\/wp-json\/wp\/v2\/users\/2"}],"replies":[{"embeddable":true,"href":"https:\/\/www.europesays.com\/fr\/wp-json\/wp\/v2\/comments?post=358770"}],"version-history":[{"count":0,"href":"https:\/\/www.europesays.com\/fr\/wp-json\/wp\/v2\/posts\/358770\/revisions"}],"wp:featuredmedia":[{"embeddable":true,"href":"https:\/\/www.europesays.com\/fr\/wp-json\/wp\/v2\/media\/358771"}],"wp:attachment":[{"href":"https:\/\/www.europesays.com\/fr\/wp-json\/wp\/v2\/media?parent=358770"}],"wp:term":[{"taxonomy":"category","embeddable":true,"href":"https:\/\/www.europesays.com\/fr\/wp-json\/wp\/v2\/categories?post=358770"},{"taxonomy":"post_tag","embeddable":true,"href":"https:\/\/www.europesays.com\/fr\/wp-json\/wp\/v2\/tags?post=358770"}],"curies":[{"name":"wp","href":"https:\/\/api.w.org\/{rel}","templated":true}]}}