{"id":358774,"date":"2025-09-01T17:14:14","date_gmt":"2025-09-01T17:14:14","guid":{"rendered":"https:\/\/www.europesays.com\/fr\/358774\/"},"modified":"2025-09-01T17:14:14","modified_gmt":"2025-09-01T17:14:14","slug":"lenseigne-noblessa-ouvre-sur-350-m%c2%b2-a-rennes","status":"publish","type":"post","link":"https:\/\/www.europesays.com\/fr\/358774\/","title":{"rendered":"L\u2019enseigne Noblessa ouvre sur 350 m\u00b2 \u00e0 Rennes"},"content":{"rendered":"<p>  Depuis 2 ans, Noblessa ouvre 10 magasins par an en France et compte, aujourd\u2019hui, 35  points de vente sur le territoire national. L\u2019ouverture, ce 1er septembre \u00e0 Rennes, d\u2019un show-room de 350 m\u00b2 porte son parc en Bretagne \u00e0 quatre. Se positionnant comme \u00ab cuisiniste premium et sp\u00e9cialiste en am\u00e9nagement d\u2019int\u00e9rieur \u00bb, la chaine d\u2019origine allemande, \u00e9largit son offre avec des solutions qui s\u2019\u00e9tendent \u00e0 toutes les pi\u00e8ces : meubles, placards, \u00e9tag\u00e8res et autre mobilier sur-mesure.<\/p>\n<p>                                            <img loading=\"lazy\" width=\"420\" height=\"260\" src=\"https:\/\/www.europesays.com\/fr\/wp-content\/uploads\/2025\/09\/Noblessa-Cuisines--420x260.jpg\" class=\" wp-post-image\" alt=\"\" title=\"Noblessa Cuisines\" decoding=\"async\"\/>                                                                                            <\/p>\n<p>DR<\/p>\n<p>Le show-room offre une exp\u00e9rience immersive dans l\u2019univers du design, de la cuisine \u00e0 la chambre en passant par la salle \u00e0 manger, la salle de bain, le bureau, la biblioth\u00e8que, mais aussi les espaces de rangement comme la buanderie et le dressing. <\/p>\n<p>Cr\u00e9\u00e9e en 1996 et pr\u00e9sente en France depuis 2017, Noblessa (plus de 100 showrooms \u00e0 l\u2019international), a pour ambition d\u2019y regrouper 100 unit\u00e9s en 2030. Ce lundi 1er septembre, c\u2019est en p\u00e9riph\u00e9rie rennaise, le long de la route du Meuble, que J\u00e9r\u00e9my Porcher, inaugure Noblessa Cuisines Rennes, un show-room de 350 m\u00b2. \u00ab<strong> J\u2019ai choisi l\u2019enseigne pour sa vision globale de l\u2019am\u00e9nagement int\u00e9rieur premium et ses partenariats avec les meilleurs fournisseurs europ\u00e9ens \u00bb<\/strong>, d\u00e9clare le nouveau g\u00e9rant qui cumule 11 ann\u00e9es d\u2019exp\u00e9rience dans l\u2019am\u00e9nagement int\u00e9rieur.<\/p>\n<p>Le point de vente offre une exp\u00e9rience immersive dans l\u2019univers du design, de la cuisine \u00e0 la chambre en passant par la salle \u00e0 manger, la salle de bain, le bureau, la biblioth\u00e8que, mais aussi les espaces de rangement comme la buanderie et le dressing.<br \/>Aux c\u00f4t\u00e9s J\u00e9r\u00e9my Porcher, 2 concepteurs-agenceurs, ainsi qu\u2019un poseur constitue l\u2019\u00e9quipe rennaise. \u00ab<strong> Chaque client est pris en charge par un interlocuteur unique, qui les guide \u00e0 chaque \u00e9tape du projet, de la conception, jusqu\u2019\u00e0 la pose finale. On propose \u00e9galement des rendez-vous \u00e0 domicile.\u00a0\u00bb<\/strong><br \/>En Bretagne Noblessa Cuisines est d\u00e9j\u00e0 implant\u00e9 \u00e0 Vannes, Quimper et Lorient.<\/p>\n","protected":false},"excerpt":{"rendered":"Depuis 2 ans, Noblessa ouvre 10 magasins par an en France et compte, aujourd\u2019hui, 35 points de vente&hellip;\n","protected":false},"author":2,"featured_media":358775,"comment_status":"","ping_status":"","sticky":false,"template":"","format":"standard","meta":{"footnotes":""},"categories":[2821],"tags":[1111,11,829,1777,674,1011,27,12,584,25],"class_list":{"0":"post-358774","1":"post","2":"type-post","3":"status-publish","4":"format-standard","5":"has-post-thumbnail","7":"category-rennes","8":"tag-actu","9":"tag-actualites","10":"tag-bretagne","11":"tag-eu","12":"tag-europe","13":"tag-fr","14":"tag-france","15":"tag-news","16":"tag-rennes","17":"tag-republique-francaise"},"share_on_mastodon":{"url":"https:\/\/pubeurope.com\/@fr\/115130169066129804","error":""},"_links":{"self":[{"href":"https:\/\/www.europesays.com\/fr\/wp-json\/wp\/v2\/posts\/358774","targetHints":{"allow":["GET"]}}],"collection":[{"href":"https:\/\/www.europesays.com\/fr\/wp-json\/wp\/v2\/posts"}],"about":[{"href":"https:\/\/www.europesays.com\/fr\/wp-json\/wp\/v2\/types\/post"}],"author":[{"embeddable":true,"href":"https:\/\/www.europesays.com\/fr\/wp-json\/wp\/v2\/users\/2"}],"replies":[{"embeddable":true,"href":"https:\/\/www.europesays.com\/fr\/wp-json\/wp\/v2\/comments?post=358774"}],"version-history":[{"count":0,"href":"https:\/\/www.europesays.com\/fr\/wp-json\/wp\/v2\/posts\/358774\/revisions"}],"wp:featuredmedia":[{"embeddable":true,"href":"https:\/\/www.europesays.com\/fr\/wp-json\/wp\/v2\/media\/358775"}],"wp:attachment":[{"href":"https:\/\/www.europesays.com\/fr\/wp-json\/wp\/v2\/media?parent=358774"}],"wp:term":[{"taxonomy":"category","embeddable":true,"href":"https:\/\/www.europesays.com\/fr\/wp-json\/wp\/v2\/categories?post=358774"},{"taxonomy":"post_tag","embeddable":true,"href":"https:\/\/www.europesays.com\/fr\/wp-json\/wp\/v2\/tags?post=358774"}],"curies":[{"name":"wp","href":"https:\/\/api.w.org\/{rel}","templated":true}]}}