{"id":358785,"date":"2025-09-01T17:20:23","date_gmt":"2025-09-01T17:20:23","guid":{"rendered":"https:\/\/www.europesays.com\/fr\/358785\/"},"modified":"2025-09-01T17:20:23","modified_gmt":"2025-09-01T17:20:23","slug":"rentree-scolaire-a-champenois-apres-un-an-de-travaux-lecole-retrouve-ses-eleves","status":"publish","type":"post","link":"https:\/\/www.europesays.com\/fr\/358785\/","title":{"rendered":"Rentr\u00e9e scolaire \u00e0 Champenois : apr\u00e8s un an de travaux, l\u2019\u00e9cole retrouve ses \u00e9l\u00e8ves"},"content":{"rendered":"<p>Sur le trottoir, les enfants descendent de v\u00e9lo, casque viss\u00e9 sur la t\u00eate, des filles se sautent dans les bras, un petit gar\u00e7on a cueilli des fleurs pour sa nouvelle ma\u00eetresse. Quand les portes s\u2019ouvrent, tous s\u2019engouffrent dans la cour dans un joyeux brouhaha. H\u00e9l\u00e8ne, venue accompagner ses enfants qui rentrent en CE2 et CM2, sourit. \u00ab\u00a0Ils \u00e9taient ravis de retrouver leur \u00e9cole, c\u2019\u00e9tait la grande d\u00e9couverte car nous n\u2019avons pas pu venir aux portes-ouvertes la semaine derni\u00e8re\u00a0\u00bb, explique-t-elle. Les \u00e9l\u00e8ves et leurs parents avaient pu faire connaissance avec les nouveaux locaux et la cour r\u00e9am\u00e9nag\u00e9e, le temps d\u2019une soir\u00e9e. Sur la fa\u00e7ade du b\u00e2timent color\u00e9, des brise-soleils ont \u00e9t\u00e9 install\u00e9s. Les arbres, lib\u00e9r\u00e9s du bitume, sont d\u00e9sormais entour\u00e9s d\u2019une grande zone recouverte de copeaux, bord\u00e9e de rondins qui font office de bancs.\u00a0<\/p>\n<p>Le reste de la cour sera repens\u00e9e au fil de l\u2019ann\u00e9e, avec la communaut\u00e9 \u00e9ducative. \u00ab\u00a0Nous pr\u00e9voyons d\u00e9j\u00e0 une cabane en osier, con\u00e7ue et r\u00e9alis\u00e9e avec les \u00e9coliers, et une concertation afin de continuer de faire \u00e9voluer cet espace\u00a0\u00bb explique Sophie Dra\u00effi, responsable du territoire \u00e9ducatif sud de la Ville de Nantes.\u00a0<\/p>\n","protected":false},"excerpt":{"rendered":"Sur le trottoir, les enfants descendent de v\u00e9lo, casque viss\u00e9 sur la t\u00eate, des filles se sautent dans&hellip;\n","protected":false},"author":2,"featured_media":358786,"comment_status":"","ping_status":"","sticky":false,"template":"","format":"standard","meta":{"footnotes":""},"categories":[2818],"tags":[1111,11,1777,674,1011,27,766,12,2636,25],"class_list":{"0":"post-358785","1":"post","2":"type-post","3":"status-publish","4":"format-standard","5":"has-post-thumbnail","7":"category-nantes","8":"tag-actu","9":"tag-actualites","10":"tag-eu","11":"tag-europe","12":"tag-fr","13":"tag-france","14":"tag-nantes","15":"tag-news","16":"tag-pays-de-la-loire","17":"tag-republique-francaise"},"share_on_mastodon":{"url":"https:\/\/pubeurope.com\/@fr\/115130192772433113","error":""},"_links":{"self":[{"href":"https:\/\/www.europesays.com\/fr\/wp-json\/wp\/v2\/posts\/358785","targetHints":{"allow":["GET"]}}],"collection":[{"href":"https:\/\/www.europesays.com\/fr\/wp-json\/wp\/v2\/posts"}],"about":[{"href":"https:\/\/www.europesays.com\/fr\/wp-json\/wp\/v2\/types\/post"}],"author":[{"embeddable":true,"href":"https:\/\/www.europesays.com\/fr\/wp-json\/wp\/v2\/users\/2"}],"replies":[{"embeddable":true,"href":"https:\/\/www.europesays.com\/fr\/wp-json\/wp\/v2\/comments?post=358785"}],"version-history":[{"count":0,"href":"https:\/\/www.europesays.com\/fr\/wp-json\/wp\/v2\/posts\/358785\/revisions"}],"wp:featuredmedia":[{"embeddable":true,"href":"https:\/\/www.europesays.com\/fr\/wp-json\/wp\/v2\/media\/358786"}],"wp:attachment":[{"href":"https:\/\/www.europesays.com\/fr\/wp-json\/wp\/v2\/media?parent=358785"}],"wp:term":[{"taxonomy":"category","embeddable":true,"href":"https:\/\/www.europesays.com\/fr\/wp-json\/wp\/v2\/categories?post=358785"},{"taxonomy":"post_tag","embeddable":true,"href":"https:\/\/www.europesays.com\/fr\/wp-json\/wp\/v2\/tags?post=358785"}],"curies":[{"name":"wp","href":"https:\/\/api.w.org\/{rel}","templated":true}]}}