{"id":358788,"date":"2025-09-01T17:22:16","date_gmt":"2025-09-01T17:22:16","guid":{"rendered":"https:\/\/www.europesays.com\/fr\/358788\/"},"modified":"2025-09-01T17:22:16","modified_gmt":"2025-09-01T17:22:16","slug":"il-faut-depenser-1300e-par-mois-pour-etre-un-etudiant-a-bordeaux","status":"publish","type":"post","link":"https:\/\/www.europesays.com\/fr\/358788\/","title":{"rendered":"Il faut d\u00e9penser 1300\u20ac par mois pour \u00eatre un \u00e9tudiant \u00e0 Bordeaux"},"content":{"rendered":"<p>\u00c9tudier \u00e0 Bordeaux n\u2019a jamais \u00e9t\u00e9 aussi co\u00fbteux. Alors que l\u2019enseignement sup\u00e9rieur est cens\u00e9 \u00eatre accessible \u00e0 tous, la r\u00e9alit\u00e9 est toute autre : l\u2019inflation et la hausse g\u00e9n\u00e9ralis\u00e9e des prix rendent la vie \u00e9tudiante de plus en plus pr\u00e9caire.<\/p>\n<p>Dans son enqu\u00eate annuelle sur le co\u00fbt de la vie \u00e9tudiante, l\u2019UNEF annonce une hausse nationale de +4,12 % en 2025. Mais \u00e0 Bordeaux, la situation est encore plus pr\u00e9occupante : +6,94 % pour les \u00e9tudiants non-boursiers et +6,37 % pour les boursiers. Concr\u00e8tement, un \u00e9tudiant bordelais doit d\u00e9sormais d\u00e9bourser <strong>1 290,55 euros par mois<\/strong> pour vivre et \u00e9tudier (619,47 euros pour un boursier).<\/p>\n<p><img fetchpriority=\"high\" decoding=\"async\" width=\"1024\" height=\"683\" src=\"https:\/\/www.europesays.com\/fr\/wp-content\/uploads\/2025\/09\/etudiants-bordeaux-1024x683.jpg\" alt=\"\" class=\"wp-image-82895\"  \/>Avec une hausse de pr\u00e8s de 7 %, la vie \u00e9tudiante \u00e0 Bordeaux devient un fardeau \u00e9conomique mena\u00e7ant l\u2019\u00e9galit\u00e9 d\u2019acc\u00e8s aux \u00e9tudes.<\/p>\n<p>Le logement, poste de d\u00e9pense le plus lourd<\/p>\n<p>Premier facteur de cette flamb\u00e9e : les loyers. Dans le parc priv\u00e9, un \u00e9tudiant doit d\u00e9bourser environ <strong>590 euros mensuels<\/strong> pour un logement, un montant en hausse de +4,8 % en un an. Les r\u00e9sidences du Crous, cens\u00e9es offrir une alternative plus abordable, affichent elles aussi une augmentation, avec un loyer moyen de <strong>262 euros par mois<\/strong> (+3,26 %).<\/p>\n<p>Cette pression immobili\u00e8re place Bordeaux bien au-dessus de la moyenne nationale. Pour beaucoup, d\u00e9crocher un logement rel\u00e8ve du parcours du combattant, et m\u00eame les chambres en r\u00e9sidence universitaire ne suffisent pas \u00e0 r\u00e9pondre \u00e0 la demande.<\/p>\n<p>Des frais incompressibles en constante hausse<\/p>\n<p>\u00c0 ces loyers s\u2019ajoutent les frais incontournables li\u00e9s aux \u00e9tudes : frais de scolarit\u00e9, CVEC (Contribution \u00e0 la vie \u00e9tudiante et de campus), fournitures ou encore mat\u00e9riel informatique.<\/p>\n<p><img loading=\"lazy\" decoding=\"async\" width=\"1024\" height=\"683\" src=\"https:\/\/www.europesays.com\/fr\/wp-content\/uploads\/2025\/09\/etudiants-bordeaux-2-1024x683.jpg\" alt=\"\" class=\"wp-image-82896\"  \/>De plus en plus d\u2019\u00e9tudiants bordelais peinent \u00e0 joindre les deux bouts et d\u00e9pendent d\u2019aides alimentaires ou familiales pour survivre.<\/p>\n<p>Les transports p\u00e8sent \u00e9galement lourd dans le budget. Depuis le 1er septembre 2025, le <strong>Pass Jeunes TBM<\/strong> est pass\u00e9 de 249,60 \u00e0 256,80 euros par an (+2,8 %). Pour les \u00e9tudiants de plus de 28 ans, le coup est encore plus dur : l\u2019abonnement classique co\u00fbte d\u00e9sormais <strong>549,60 euros annuels<\/strong> (+3,1 %).<\/p>\n<p>Une d\u00e9pendance croissante aux aides<\/p>\n<p>Face \u00e0 cette r\u00e9alit\u00e9, nombreux sont les \u00e9tudiants bordelais contraints de chercher de l\u2019aide. Les associations locales tirent la sonnette d\u2019alarme. L\u2019ONG Linkee, qui organise des distributions alimentaires, a vu la fr\u00e9quentation <strong>doubler entre 2023 et 2024<\/strong>. La Fondation Bordeaux Universit\u00e9s, en partenariat avec la Banque alimentaire, a distribu\u00e9 <strong>plus de 11 000 colis alimentaires<\/strong> aux \u00e9tudiants en 2024.<\/p>\n<p>Du c\u00f4t\u00e9 institutionnel, les \u00e9tablissements proposent des aides ponctuelles d\u2019urgence, mais elles ne suffisent pas \u00e0 enrayer la pr\u00e9carit\u00e9 croissante.<\/p>\n<p>Le r\u00f4le de la famille et des aides au logement<\/p>\n<p>Le logement reste le poste de d\u00e9pense le plus difficile \u00e0 assumer. Selon l\u2019UNEF Bordeaux, <strong>80 % des \u00e9tudiants<\/strong> per\u00e7oivent l\u2019APL ou l\u2019ALS pour all\u00e9ger leur loyer. Mais cette aide est souvent insuffisante, obligeant une grande partie des jeunes \u00e0 solliciter leurs familles.<\/p>\n<p>Ainsi, <strong>68 % des \u00e9tudiants non-boursiers<\/strong> d\u00e9clarent que leurs parents paient directement leur loyer. Une proportion qui chute \u00e0 <strong>35 % chez les boursiers<\/strong>, issus de familles aux revenus plus modestes.<\/p>\n<p><img loading=\"lazy\" decoding=\"async\" width=\"640\" height=\"427\" src=\"https:\/\/www.europesays.com\/fr\/wp-content\/uploads\/2025\/09\/etudaints-bordeaux-3.jpg\" alt=\"\" class=\"wp-image-82897\"  \/>\u00c0 Bordeaux, \u00e9tudier co\u00fbte d\u00e9sormais pr\u00e8s de 1 300 euros par mois, entre loyers \u00e9lev\u00e9s, transports, frais incompressibles et inflation persistante.<\/p>\n<p>Un droit menac\u00e9 ?<\/p>\n<p>Alors que l\u2019acc\u00e8s \u00e0 l\u2019enseignement sup\u00e9rieur est reconnu comme un droit, son co\u00fbt croissant en fait un privil\u00e8ge de plus en plus conditionn\u00e9 aux ressources familiales. L\u2019UNEF alerte : sans mesures fortes pour encadrer les loyers, soutenir les aides sociales et ma\u00eetriser les frais annexes, la pr\u00e9carit\u00e9 \u00e9tudiante risque de s\u2019aggraver encore dans les ann\u00e9es \u00e0 venir.<\/p>\n<p>Pour beaucoup d\u2019\u00e9tudiants bordelais, \u00e9tudier ne se r\u00e9sume plus \u00e0 une exp\u00e9rience acad\u00e9mique : c\u2019est devenu un v\u00e9ritable d\u00e9fi \u00e9conomique, qui exige 1 300 euros par mois pour tenir le cap.<\/p>\n<p>A lire aussi : <a href=\"https:\/\/www.bougerabordeaux.com\/actu\/bordeaux-fin-du-bras-de-fer-les-hangars-de-darwin-trouvent-un-avenir-durable\/*\" rel=\"nofollow noopener\" target=\"_blank\">Bordeaux : fin du bras de fer, les hangars de Darwin trouvent un avenir durable<\/a><\/p>\n","protected":false},"excerpt":{"rendered":"\u00c9tudier \u00e0 Bordeaux n\u2019a jamais \u00e9t\u00e9 aussi co\u00fbteux. Alors que l\u2019enseignement sup\u00e9rieur est cens\u00e9 \u00eatre accessible \u00e0 tous,&hellip;\n","protected":false},"author":2,"featured_media":358789,"comment_status":"","ping_status":"","sticky":false,"template":"","format":"standard","meta":{"footnotes":""},"categories":[2817],"tags":[1111,11,1997,1777,674,1011,27,12,2219,25],"class_list":{"0":"post-358788","1":"post","2":"type-post","3":"status-publish","4":"format-standard","5":"has-post-thumbnail","7":"category-bordeaux","8":"tag-actu","9":"tag-actualites","10":"tag-bordeaux","11":"tag-eu","12":"tag-europe","13":"tag-fr","14":"tag-france","15":"tag-news","16":"tag-nouvelle-aquitaine","17":"tag-republique-francaise"},"share_on_mastodon":{"url":"https:\/\/pubeurope.com\/@fr\/115130200850449580","error":""},"_links":{"self":[{"href":"https:\/\/www.europesays.com\/fr\/wp-json\/wp\/v2\/posts\/358788","targetHints":{"allow":["GET"]}}],"collection":[{"href":"https:\/\/www.europesays.com\/fr\/wp-json\/wp\/v2\/posts"}],"about":[{"href":"https:\/\/www.europesays.com\/fr\/wp-json\/wp\/v2\/types\/post"}],"author":[{"embeddable":true,"href":"https:\/\/www.europesays.com\/fr\/wp-json\/wp\/v2\/users\/2"}],"replies":[{"embeddable":true,"href":"https:\/\/www.europesays.com\/fr\/wp-json\/wp\/v2\/comments?post=358788"}],"version-history":[{"count":0,"href":"https:\/\/www.europesays.com\/fr\/wp-json\/wp\/v2\/posts\/358788\/revisions"}],"wp:featuredmedia":[{"embeddable":true,"href":"https:\/\/www.europesays.com\/fr\/wp-json\/wp\/v2\/media\/358789"}],"wp:attachment":[{"href":"https:\/\/www.europesays.com\/fr\/wp-json\/wp\/v2\/media?parent=358788"}],"wp:term":[{"taxonomy":"category","embeddable":true,"href":"https:\/\/www.europesays.com\/fr\/wp-json\/wp\/v2\/categories?post=358788"},{"taxonomy":"post_tag","embeddable":true,"href":"https:\/\/www.europesays.com\/fr\/wp-json\/wp\/v2\/tags?post=358788"}],"curies":[{"name":"wp","href":"https:\/\/api.w.org\/{rel}","templated":true}]}}