{"id":358790,"date":"2025-09-01T17:23:11","date_gmt":"2025-09-01T17:23:11","guid":{"rendered":"https:\/\/www.europesays.com\/fr\/358790\/"},"modified":"2025-09-01T17:23:11","modified_gmt":"2025-09-01T17:23:11","slug":"trois-opposantes-a-la-ligne-jugees-en-novembre-pour-des-degradations","status":"publish","type":"post","link":"https:\/\/www.europesays.com\/fr\/358790\/","title":{"rendered":"trois opposantes \u00e0 la ligne jug\u00e9es en novembre pour des d\u00e9gradations"},"content":{"rendered":"<p>Depuis des mois, des opposants ont camp\u00e9 \u00e0 plusieurs reprises sur le trac\u00e9 de la LGV \u00e0 Saint-Jory (Haute-Garonne), \u00e0 25\u00a0kilom\u00e8tres du centre de Toulouse, y compris dans des arbres pour \u00e9viter leur abattage, avant d\u2019\u00eatre expuls\u00e9s par des gendarmes, puis de revenir sur les lieux \u00e0 plusieurs reprises.<\/p>\n<p>Les trois militantes ont \u00e9t\u00e9 plac\u00e9es sous contr\u00f4le judiciaire. Elles avaient justement \u00e9t\u00e9 interpell\u00e9es vendredi \u00e0 Saint-Jory, notamment pour avoir coup\u00e9 les barbel\u00e9s entourant un arbre devant \u00eatre abattu. Deux d\u2019entre elles avaient \u00e9t\u00e9 plac\u00e9es en d\u00e9tention provisoire, jusqu\u2019\u00e0 leur convocation lundi en comparution imm\u00e9diate devant le tribunal correctionnel de Toulouse.<\/p>\n<p>Une r\u00e9ponse \u00ab\u00a0disproportionn\u00e9e\u00a0\u00bb\u00a0?<\/p>\n<p>L\u2019une des avocates de la d\u00e9fense, Oc\u00e9ane Chotel, a jug\u00e9 \u00ab\u00a0compl\u00e8tement disproportionn\u00e9es\u00a0\u00bb la d\u00e9tention provisoire et la comparution imm\u00e9diate. En revanche, au nom du minist\u00e8re public, C\u00e9line Pag\u00e8s a soulign\u00e9 la pertinence du \u00ab\u00a0choc carc\u00e9ral\u00a0\u00bb afin d\u2019amener les militantes \u00e0 \u00ab\u00a0prendre conscience\u00a0\u00bb du fait \u00ab\u00a0qu\u2019on risque la d\u00e9tention\u00a0\u00bb.<\/p>\n","protected":false},"excerpt":{"rendered":"Depuis des mois, des opposants ont camp\u00e9 \u00e0 plusieurs reprises sur le trac\u00e9 de la LGV \u00e0 Saint-Jory&hellip;\n","protected":false},"author":2,"featured_media":358791,"comment_status":"","ping_status":"","sticky":false,"template":"","format":"standard","meta":{"footnotes":""},"categories":[2817],"tags":[1111,11,1997,1777,674,1011,27,12,2219,25],"class_list":{"0":"post-358790","1":"post","2":"type-post","3":"status-publish","4":"format-standard","5":"has-post-thumbnail","7":"category-bordeaux","8":"tag-actu","9":"tag-actualites","10":"tag-bordeaux","11":"tag-eu","12":"tag-europe","13":"tag-fr","14":"tag-france","15":"tag-news","16":"tag-nouvelle-aquitaine","17":"tag-republique-francaise"},"share_on_mastodon":{"url":"https:\/\/pubeurope.com\/@fr\/115130204450939123","error":""},"_links":{"self":[{"href":"https:\/\/www.europesays.com\/fr\/wp-json\/wp\/v2\/posts\/358790","targetHints":{"allow":["GET"]}}],"collection":[{"href":"https:\/\/www.europesays.com\/fr\/wp-json\/wp\/v2\/posts"}],"about":[{"href":"https:\/\/www.europesays.com\/fr\/wp-json\/wp\/v2\/types\/post"}],"author":[{"embeddable":true,"href":"https:\/\/www.europesays.com\/fr\/wp-json\/wp\/v2\/users\/2"}],"replies":[{"embeddable":true,"href":"https:\/\/www.europesays.com\/fr\/wp-json\/wp\/v2\/comments?post=358790"}],"version-history":[{"count":0,"href":"https:\/\/www.europesays.com\/fr\/wp-json\/wp\/v2\/posts\/358790\/revisions"}],"wp:featuredmedia":[{"embeddable":true,"href":"https:\/\/www.europesays.com\/fr\/wp-json\/wp\/v2\/media\/358791"}],"wp:attachment":[{"href":"https:\/\/www.europesays.com\/fr\/wp-json\/wp\/v2\/media?parent=358790"}],"wp:term":[{"taxonomy":"category","embeddable":true,"href":"https:\/\/www.europesays.com\/fr\/wp-json\/wp\/v2\/categories?post=358790"},{"taxonomy":"post_tag","embeddable":true,"href":"https:\/\/www.europesays.com\/fr\/wp-json\/wp\/v2\/tags?post=358790"}],"curies":[{"name":"wp","href":"https:\/\/api.w.org\/{rel}","templated":true}]}}