{"id":358806,"date":"2025-09-01T17:31:20","date_gmt":"2025-09-01T17:31:20","guid":{"rendered":"https:\/\/www.europesays.com\/fr\/358806\/"},"modified":"2025-09-01T17:31:20","modified_gmt":"2025-09-01T17:31:20","slug":"un-homme-mortellement-percute-par-un-ter-pres-de-lyon","status":"publish","type":"post","link":"https:\/\/www.europesays.com\/fr\/358806\/","title":{"rendered":"Un homme mortellement percut\u00e9 par un TER pr\u00e8s de Lyon"},"content":{"rendered":"<p>Un TER circulant sans passagers a mortellement fauch\u00e9 un quinquag\u00e9naire pr\u00e8s de Dardilly, dans le Rh\u00f4ne.<\/p>\n<p>\n      L\u2019actu des r\u00e9gions\n    <\/p>\n<p>\n      Chaque jour, un tour d\u2019horizon des principales infos de toutes les r\u00e9gions.\n    <\/p>\n<p>    France T\u00e9l\u00e9visions utilise votre adresse e-mail afin de vous envoyer la newsletter \u00ab\u00a0L\u2019actu des r\u00e9gions\u00a0\u00bb. Vous pouvez vous d\u00e9sinscrire \u00e0 tout moment via le lien en bas de cette newsletter. <a target=\"_blank\" href=\"https:\/\/www.francetelevisions.fr\/groupe\/confidentialite\/politique-de-confidentialite\/politique-de-confidentialite-de-france-televisions-6503\" rel=\"nofollow noopener\">Notre politique de confidentialit\u00e9<\/a><\/p>\n<p>S&rsquo;agit-il d&rsquo;un accident ou d&rsquo;un suicide ? On ignore encore les circonstances d&rsquo;un dramatique accident survenu vers 14 heures ce lundi 1er septembre 2025, \u00e0 la halte ferroviaire de Dardilly les Mouilles, tout pr\u00e8s de Lyon. Un homme d&rsquo;une cinquantaine d&rsquo;ann\u00e9es a \u00e9t\u00e9 mortellement fauch\u00e9 par un train.<\/p>\n<p>Lors de leur arriv\u00e9e sur les lieux, les secours n&rsquo;ont pu que constater que la victime \u00e9tait d\u00e9c\u00e9d\u00e9e. Le trafic ferroviaire a \u00e9t\u00e9 imm\u00e9diatement interrompu dans les deux sens entre Tassin-la-Demi-Lune et Lozanne. Il ne devrait pas reprendre avant 18h, selon les informations transmises par la SNCF sur ses diff\u00e9rents r\u00e9seaux sociaux.<\/p>\n<p>Le TER circulait \u00e0 vide, le chauffeur tr\u00e8s choqu\u00e9 a \u00e9t\u00e9 pris en charge par une cellule psychologique de la SNCF. la gendarmerie a \u00e9t\u00e9 charg\u00e9e de l&rsquo;enqu\u00eate.<\/p>\n","protected":false},"excerpt":{"rendered":"Un TER circulant sans passagers a mortellement fauch\u00e9 un quinquag\u00e9naire pr\u00e8s de Dardilly, dans le Rh\u00f4ne. L\u2019actu des&hellip;\n","protected":false},"author":2,"featured_media":358807,"comment_status":"","ping_status":"","sticky":false,"template":"","format":"standard","meta":{"footnotes":""},"categories":[1889],"tags":[1111,11,2430,1777,674,1011,27,2428,12,25],"class_list":{"0":"post-358806","1":"post","2":"type-post","3":"status-publish","4":"format-standard","5":"has-post-thumbnail","7":"category-lyon","8":"tag-actu","9":"tag-actualites","10":"tag-auvergne-rhone-alpes","11":"tag-eu","12":"tag-europe","13":"tag-fr","14":"tag-france","15":"tag-lyon","16":"tag-news","17":"tag-republique-francaise"},"share_on_mastodon":{"url":"https:\/\/pubeurope.com\/@fr\/115130235847729955","error":""},"_links":{"self":[{"href":"https:\/\/www.europesays.com\/fr\/wp-json\/wp\/v2\/posts\/358806","targetHints":{"allow":["GET"]}}],"collection":[{"href":"https:\/\/www.europesays.com\/fr\/wp-json\/wp\/v2\/posts"}],"about":[{"href":"https:\/\/www.europesays.com\/fr\/wp-json\/wp\/v2\/types\/post"}],"author":[{"embeddable":true,"href":"https:\/\/www.europesays.com\/fr\/wp-json\/wp\/v2\/users\/2"}],"replies":[{"embeddable":true,"href":"https:\/\/www.europesays.com\/fr\/wp-json\/wp\/v2\/comments?post=358806"}],"version-history":[{"count":0,"href":"https:\/\/www.europesays.com\/fr\/wp-json\/wp\/v2\/posts\/358806\/revisions"}],"wp:featuredmedia":[{"embeddable":true,"href":"https:\/\/www.europesays.com\/fr\/wp-json\/wp\/v2\/media\/358807"}],"wp:attachment":[{"href":"https:\/\/www.europesays.com\/fr\/wp-json\/wp\/v2\/media?parent=358806"}],"wp:term":[{"taxonomy":"category","embeddable":true,"href":"https:\/\/www.europesays.com\/fr\/wp-json\/wp\/v2\/categories?post=358806"},{"taxonomy":"post_tag","embeddable":true,"href":"https:\/\/www.europesays.com\/fr\/wp-json\/wp\/v2\/tags?post=358806"}],"curies":[{"name":"wp","href":"https:\/\/api.w.org\/{rel}","templated":true}]}}