{"id":35881,"date":"2025-04-19T06:56:11","date_gmt":"2025-04-19T06:56:11","guid":{"rendered":"https:\/\/www.europesays.com\/fr\/35881\/"},"modified":"2025-04-19T06:56:11","modified_gmt":"2025-04-19T06:56:11","slug":"mclaren-surclasse-red-bull-yuki-tsunoda-dans-le-mur","status":"publish","type":"post","link":"https:\/\/www.europesays.com\/fr\/35881\/","title":{"rendered":"McLaren surclasse Red Bull, Yuki Tsunoda dans le mur"},"content":{"rendered":"<p itemprop=\"description\">Lando Norris a domin\u00e9 la deuxi\u00e8me s\u00e9ance<br \/>\nd\u2019essais libres \u00e0 Djeddah, pla\u00e7ant McLaren en t\u00eate devant Piastri<br \/>\net Verstappen. Une soir\u00e9e agit\u00e9e marqu\u00e9e par un drapeau rouge<br \/>\nprovoqu\u00e9 par Yuki Tsunoda.<\/p>\n<p class=\"\" data-start=\"296\" data-end=\"696\">\u00c0 Djeddah, la nuit<br \/>\ntomb\u00e9e n\u2019a pas emp\u00each\u00e9 Lando Norris de briller. Le pilote McLaren a<br \/>\nsign\u00e9 le meilleur temps des Essais Libres 2 du Grand Prix d\u00a0\u00bbArabie<br \/>\nsaoudite, devan\u00e7ant son co\u00e9quipier Oscar Piastri et le quadruple<br \/>\nchampion du monde Max Verstappen. Une performance de haut vol dans<br \/>\ndes conditions proches de celles attendues pour la course, ce qui<br \/>\ndonne une premi\u00e8re hi\u00e9rarchie cr\u00e9dible du week-end.<\/p>\n<p class=\"\" data-start=\"698\" data-end=\"876\">La temp\u00e9rature ambiante<br \/>\nreste \u00e9lev\u00e9e malgr\u00e9 la tomb\u00e9e du jour : 28\u00b0C dans l&rsquo;air et 38\u00b0C sur<br \/>\nl\u2019asphalte. Autant dire que les conditions sont id\u00e9ales pour une<br \/>\nsimulation de course.<\/p>\n<p>D\u00e9buts perturb\u00e9s et<br \/>\npremi\u00e8res tendances<\/p>\n<p class=\"\" data-start=\"922\" data-end=\"1269\">Avant m\u00eame que les<br \/>\npilotes ne s\u2019\u00e9lancent, mauvaise nouvelle pour Gabriel Bortoleto :<br \/>\nune fuite de carburant l\u2019emp\u00eache de participer \u00e0 cette deuxi\u00e8me<br \/>\ns\u00e9ance. Tous les autres pilotes s\u2019\u00e9lancent en pneus mediums pour un<br \/>\npremier run intense. Max Verstappen est le premier \u00e0 fixer une<br \/>\nr\u00e9f\u00e9rence chronom\u00e9trique, vite battue par Norris, puis par<br \/>\nLeclerc.<\/p>\n<p class=\"\" data-start=\"1271\" data-end=\"1503\">Les incidents n\u2019ont<br \/>\npas tard\u00e9 non plus. Lance Stroll provoque une br\u00e8ve neutralisation<br \/>\napr\u00e8s un t\u00eate-\u00e0-queue sans gravit\u00e9. Peu apr\u00e8s, un contact \u00e9vit\u00e9 de<br \/>\njustesse entre Albon et Hamilton attire l\u2019attention de la direction<br \/>\nde course.<\/p>\n<p>McLaren teste ses<br \/>\nnouveaut\u00e9s, Red Bull en embuscade<\/p>\n<p class=\"\" data-start=\"1561\" data-end=\"1797\">Chez McLaren, les<br \/>\nyeux sont riv\u00e9s sur les nouvelles pi\u00e8ces install\u00e9es exclusivement<br \/>\nsur la monoplace de Piastri, notamment un diffuseur modifi\u00e9. Ces<br \/>\ntests comparatifs visent \u00e0 guider les d\u00e9cisions techniques pour les<br \/>\nprochaines courses.<\/p>\n<p class=\"\" data-start=\"1799\" data-end=\"2004\">Verstappen et Tsunoda<br \/>\nmontrent de belles choses malgr\u00e9 les difficult\u00e9s structurelles de<br \/>\nRed Bull. Les deux pilotes s\u2019installent temporairement dans le top<br \/>\n5, \u00e0 seulement quelques milli\u00e8mes l\u2019un de l\u2019autre.<\/p>\n<p class=\"\" data-start=\"2006\" data-end=\"2202\">Mais c\u2019est Piastri<br \/>\nqui impressionne en claquant un 1&rsquo;28&Prime;430, battant le temps de la<br \/>\npole position de Verstappen en 2024. Pas pour longtemps : Norris,<br \/>\nplus rapide, enfonce le clou avec un 1&rsquo;28&Prime;267.<\/p>\n<p>Le drapeau rouge<br \/>\ns\u2019invite en fin de s\u00e9ance<\/p>\n<p class=\"\" data-start=\"2272\" data-end=\"2599\">Alors que les \u00e9quipes<br \/>\nentament les longs relais et que les chronos cessent d\u2019\u00e9voluer en<br \/>\nt\u00eate, Yuki Tsunoda vient troubler la f\u00eate. Au virage 27, le pilote<br \/>\njaponais percute le mur et termine sa course dans les barri\u00e8res,<br \/>\nfor\u00e7ant la direction de course \u00e0 brandir le drapeau rouge. La<br \/>\ns\u00e9ance s\u2019ach\u00e8ve sans autre changement majeur.<\/p>\n<p class=\"\" data-start=\"2653\" data-end=\"2904\">Au terme de cette<br \/>\ndeuxi\u00e8me s\u00e9ance, McLaren signe donc un doubl\u00e9 retentissant : Norris<br \/>\ndevant Piastri, suivis de Verstappen. Charles Leclerc, Carlos Sainz<br \/>\net George Russell suivent, tandis que Pierre Gasly sauve l\u2019honneur<br \/>\nd\u2019Alpine en accrochant la huiti\u00e8me place. Le Fran\u00e7ais avait d\u00e9j\u00e0<br \/>\ncr\u00e9\u00e9 la surprise lors des EL1 <a href=\"https:\/\/f1i.autojournal.fr\/infos\/arabie-saoudite\/pierre-gasly-cree-lexploit-en-signant-le-meilleur-temps-des-el1-a-djeddah\/\" target=\"_blank\" rel=\"noopener\"><br \/>\nen s&#8217;emparant du meilleur temps<\/a>.<\/p>\n<p>Classement des EL2 du GP<br \/>\nd&rsquo;Arabie saoudite F1 2025<\/p>\n<p><img loading=\"lazy\" itemprop=\"thumbnailUrl\" decoding=\"async\" class=\"alignnone size-full wp-image-626777\" src=\"https:\/\/www.europesays.com\/fr\/wp-content\/uploads\/2025\/04\/go1j3iowmaawykg.jpeg\" alt=\"\" width=\"960\" height=\"1200\"\/> \u00a9 XPB Images \/ Laurent<br \/>\nCharniaux<\/p>\n","protected":false},"excerpt":{"rendered":"Lando Norris a domin\u00e9 la deuxi\u00e8me s\u00e9ance d\u2019essais libres \u00e0 Djeddah, pla\u00e7ant McLaren en t\u00eate devant Piastri et&hellip;\n","protected":false},"author":2,"featured_media":35882,"comment_status":"","ping_status":"","sticky":false,"template":"","format":"standard","meta":{"footnotes":""},"categories":[2],"tags":[11,11596,1981,11597,11598,11599,1011,27,11482,2243,4475,12,25,1980,6605],"class_list":{"0":"post-35881","1":"post","2":"type-post","3":"status-publish","4":"format-standard","5":"has-post-thumbnail","7":"category-actualites","8":"tag-actualites","9":"tag-calendrier-f1-2025","10":"tag-classement","11":"tag-djeddah","12":"tag-el2","13":"tag-essais-libres-2","14":"tag-fr","15":"tag-france","16":"tag-grand-prix-darabie-saoudite","17":"tag-lando-norris","18":"tag-mclaren","19":"tag-news","20":"tag-republique-francaise","21":"tag-resultats","22":"tag-saison-f1-2025"},"share_on_mastodon":{"url":"https:\/\/pubeurope.com\/@fr\/114363327051263081","error":""},"_links":{"self":[{"href":"https:\/\/www.europesays.com\/fr\/wp-json\/wp\/v2\/posts\/35881","targetHints":{"allow":["GET"]}}],"collection":[{"href":"https:\/\/www.europesays.com\/fr\/wp-json\/wp\/v2\/posts"}],"about":[{"href":"https:\/\/www.europesays.com\/fr\/wp-json\/wp\/v2\/types\/post"}],"author":[{"embeddable":true,"href":"https:\/\/www.europesays.com\/fr\/wp-json\/wp\/v2\/users\/2"}],"replies":[{"embeddable":true,"href":"https:\/\/www.europesays.com\/fr\/wp-json\/wp\/v2\/comments?post=35881"}],"version-history":[{"count":0,"href":"https:\/\/www.europesays.com\/fr\/wp-json\/wp\/v2\/posts\/35881\/revisions"}],"wp:featuredmedia":[{"embeddable":true,"href":"https:\/\/www.europesays.com\/fr\/wp-json\/wp\/v2\/media\/35882"}],"wp:attachment":[{"href":"https:\/\/www.europesays.com\/fr\/wp-json\/wp\/v2\/media?parent=35881"}],"wp:term":[{"taxonomy":"category","embeddable":true,"href":"https:\/\/www.europesays.com\/fr\/wp-json\/wp\/v2\/categories?post=35881"},{"taxonomy":"post_tag","embeddable":true,"href":"https:\/\/www.europesays.com\/fr\/wp-json\/wp\/v2\/tags?post=35881"}],"curies":[{"name":"wp","href":"https:\/\/api.w.org\/{rel}","templated":true}]}}