{"id":358810,"date":"2025-09-01T17:33:10","date_gmt":"2025-09-01T17:33:10","guid":{"rendered":"https:\/\/www.europesays.com\/fr\/358810\/"},"modified":"2025-09-01T17:33:10","modified_gmt":"2025-09-01T17:33:10","slug":"une-premiere-en-ile-de-france-le-rer-a-en-renfort-de-la-ligne-p-fermee-la-nuit-entre-paris-et-meaux","status":"publish","type":"post","link":"https:\/\/www.europesays.com\/fr\/358810\/","title":{"rendered":"\u00ab\u00a0Une premi\u00e8re en \u00cele-de-France\u00a0\u00bb\u00a0: le RER A en renfort de la ligne\u00a0P ferm\u00e9e la nuit entre Paris et Meaux"},"content":{"rendered":"<p class=\"paragraph text_align_left lp-f-body-02\">Les cars de substitution entre Paris-Est (Xe) et Meaux (Seine-et-Marne) ne sont plus une fatalit\u00e9. Depuis des ann\u00e9es, <a href=\"https:\/\/www.leparisien.fr\/seine-et-marne-77\/seine-et-marne-lespoir-de-voir-la-ligne-p-se-prolonger-jusqua-la-ferte-gaucher-va-bon-train-21-10-2024-3PGZJDKLQZAL3ODE7IQ2MUVVTY.php\" target=\"_blank\" rel=\"noreferrer nofollow noopener\">la Ligne P <\/a>ne fonctionne plus \u00e0 partir de 22 heures, en raison de travaux men\u00e9s par SNCF R\u00e9seau.<\/p>\n<p class=\"paragraph text_align_left lp-f-body-02\">Mais depuis ce lundi 1er septembre, plus oblig\u00e9 de subir en fin de soir\u00e9e les trajets, \u00e0 la dur\u00e9e al\u00e9atoire \u2013 variant de une \u00e0 deux heures \u2013 selon le trafic routier et les bouchons pour rejoindre Paris depuis la gare de Meaux et vice versa. Contre 27 minutes en train direct !<\/p>\n","protected":false},"excerpt":{"rendered":"Les cars de substitution entre Paris-Est (Xe) et Meaux (Seine-et-Marne) ne sont plus une fatalit\u00e9. Depuis des ann\u00e9es,&hellip;\n","protected":false},"author":2,"featured_media":358811,"comment_status":"","ping_status":"","sticky":false,"template":"","format":"standard","meta":{"footnotes":""},"categories":[1592],"tags":[1111,11,1777,674,1011,27,662,1944,12,626,25,1937],"class_list":{"0":"post-358810","1":"post","2":"type-post","3":"status-publish","4":"format-standard","5":"has-post-thumbnail","7":"category-ile-de-france","8":"tag-actu","9":"tag-actualites","10":"tag-eu","11":"tag-europe","12":"tag-fr","13":"tag-france","14":"tag-ile-de-france","15":"tag-ma-ville","16":"tag-news","17":"tag-paris","18":"tag-republique-francaise","19":"tag-seine-et-marne"},"share_on_mastodon":{"url":"https:\/\/pubeurope.com\/@fr\/115130243684339797","error":""},"_links":{"self":[{"href":"https:\/\/www.europesays.com\/fr\/wp-json\/wp\/v2\/posts\/358810","targetHints":{"allow":["GET"]}}],"collection":[{"href":"https:\/\/www.europesays.com\/fr\/wp-json\/wp\/v2\/posts"}],"about":[{"href":"https:\/\/www.europesays.com\/fr\/wp-json\/wp\/v2\/types\/post"}],"author":[{"embeddable":true,"href":"https:\/\/www.europesays.com\/fr\/wp-json\/wp\/v2\/users\/2"}],"replies":[{"embeddable":true,"href":"https:\/\/www.europesays.com\/fr\/wp-json\/wp\/v2\/comments?post=358810"}],"version-history":[{"count":0,"href":"https:\/\/www.europesays.com\/fr\/wp-json\/wp\/v2\/posts\/358810\/revisions"}],"wp:featuredmedia":[{"embeddable":true,"href":"https:\/\/www.europesays.com\/fr\/wp-json\/wp\/v2\/media\/358811"}],"wp:attachment":[{"href":"https:\/\/www.europesays.com\/fr\/wp-json\/wp\/v2\/media?parent=358810"}],"wp:term":[{"taxonomy":"category","embeddable":true,"href":"https:\/\/www.europesays.com\/fr\/wp-json\/wp\/v2\/categories?post=358810"},{"taxonomy":"post_tag","embeddable":true,"href":"https:\/\/www.europesays.com\/fr\/wp-json\/wp\/v2\/tags?post=358810"}],"curies":[{"name":"wp","href":"https:\/\/api.w.org\/{rel}","templated":true}]}}