{"id":358813,"date":"2025-09-01T17:35:12","date_gmt":"2025-09-01T17:35:12","guid":{"rendered":"https:\/\/www.europesays.com\/fr\/358813\/"},"modified":"2025-09-01T17:35:12","modified_gmt":"2025-09-01T17:35:12","slug":"gr75-une-randonnee-urbaine-unique-pour-decouvrir-paris-autrement","status":"publish","type":"post","link":"https:\/\/www.europesays.com\/fr\/358813\/","title":{"rendered":"GR\u00ae75 : une randonn\u00e9e urbaine unique pour d\u00e9couvrir Paris autrement"},"content":{"rendered":"<ul class=\"jsx-862013697 ArticleChapo__List\">\n<li class=\"jsx-862013697 ArticleChapo__List_Item flex\">Le GR\u00ae75 est une boucle de 50 km vous permettant de faire le tour de Paris.<\/li>\n<li class=\"jsx-862013697 ArticleChapo__List_Item flex\">Il a \u00e9t\u00e9 cr\u00e9\u00e9 en 2017 \u00e0 l\u2019occasion de la candidature de la capitale pour les Jeux olympiques 2024.<\/li>\n<li class=\"jsx-862013697 ArticleChapo__List_Item flex\">R\u00e9alisable dans les deux sens, il offre la possibilit\u00e9 de d\u00e9couvrir de nombreux quartiers, entre espaces verts et urbains.<\/li>\n<\/ul>\n<p data-module=\"article-paragraph\" class=\"jsx-3046738180 Paragraph\">Entre culture, sport, espaces verts et histoire, le GR\u00ae75 vous offre la possibilit\u00e9 de d\u00e9couvrir Paris sous un nouveau prisme. Cr\u00e9\u00e9 en 2017, il fait partie des GR\u00ae les plus r\u00e9cents. L\u2019itin\u00e9raire suit la limite administrative de Paris, proche du p\u00e9riph\u00e9rique, tout en traversant une grande vari\u00e9t\u00e9 de paysages : coul\u00e9es vertes, canaux, parcs, quartiers populaires ou plus r\u00e9sidentiels. N\u00e9 \u00e0 l\u2019occasion de la candidature de Paris aux <a href=\"https:\/\/www.tf1info.fr\/sport\/video-jeux-olympiques-de-paris-2024-que-deviennent-des-infrastructures-2378647.html\" target=\"_blank\" rel=\"noopener\">Jeux Olympiques 2024<\/a>, son itin\u00e9raire rend hommage \u00e0 plusieurs endroits sportifs de la Ville Lumi\u00e8re comme le stade Charl\u00e9ty ou le Parc des Princes.<\/p>\n<p data-module=\"article-paragraph\" class=\"jsx-3046738180 Paragraph Paragraph__End\">Il permet \u00e9galement de voir plusieurs points d\u2019int\u00e9r\u00eat comme la G\u00e9ode, un cin\u00e9ma en forme de sph\u00e8re situ\u00e9 dans le parc de la Villette. Le GR\u00ae75 traverse aussi le quartier de la Campagne \u00e0 Paris, le Palais de la Porte Dor\u00e9e, la Biblioth\u00e8que nationale de France, le bois de Vincennes, la Cit\u00e9 Universitaire, l\u2019hippodrome d\u2019Auteuil, le bois de Boulogne et le Parc des Princes. Au total, cette boucle de 50 km passe par 75 espaces verts, de quoi offrir un petit air de campagne.<\/p>\n<p>Un GR accessible \u00e0 tous<\/p>\n<p data-module=\"article-paragraph\" class=\"jsx-3046738180 Paragraph Paragraph__End\">Avec seulement 50 km et tr\u00e8s peu de d\u00e9nivel\u00e9, le GR\u00ae75 est accessible \u00e0 tous les niveaux. Vous pouvez choisir de r\u00e9aliser la boucle compl\u00e8te en deux ou trois jours, ou bien de la parcourir par tron\u00e7ons. Le parcours est r\u00e9alisable par \u00e9tapes de 4 km. Le trac\u00e9 est d\u2019autant plus pratique qu\u2019il est connect\u00e9 au m\u00e9tro et aux bus \u00e0 de nombreux endroits : vous pouvez commencer et arr\u00eater votre marche quand vous le souhaitez. Le balisage blanc et rouge typique des GR\u00ae est pr\u00e9sent sur l\u2019ensemble du parcours, ce qui facilite l\u2019orientation. Il faut \u00eatre bien attentif, car elles se situent souvent sur des \u00e9quipements urbains. Pour plus de confort, il est conseill\u00e9 d\u2019avoir une carte ou une application GPS, mais le risque de se perdre est bien moindre que sur des GR plus sauvages. Il est conseill\u00e9 de le pratiquer au printemps pour profiter de la floraison des parcs et jardins. En \u00e9t\u00e9, le GR75 offre la possibilit\u00e9 de marcher au frais sur les tron\u00e7ons qui passent par exemple par les bois de Vincennes et Boulogne. Certains pr\u00e9f\u00e9reront l\u2019automne pour observer les couleurs chaudes de la nature.<\/p>\n<p><a href=\"https:\/\/www.tf1info.fr\/sante\/que-faire-en-cas-d-entorse-a-la-cheville-lors-d-une-randonnee-2386136.html\" rel=\"noopener\" class=\"jsx-3308031228 Link flex\" target=\"_blank\"><img decoding=\"async\" src=\"https:\/\/www.europesays.com\/fr\/wp-content\/uploads\/2025\/09\/entorse-randonnee-254d0a-0@1x.jpeg\" alt=\"Getty Images\" loading=\"lazy\" importance=\"low\" fetchpriority=\"low\" class=\"\" aria-hidden=\"true\"\/><\/p>\n<p class=\"jsx-3657663356 ReadMoreArticle__Title\">Lire aussi<\/p>\n<p class=\"jsx-3657663356\">Que faire en cas d\u2019entorse \u00e0 la cheville lors d\u2019une randonn\u00e9e ?<\/p>\n<p><\/a>Un GR en pleine capitale : est-ce dangereux de respirer la pollution ?<\/p>\n<p data-module=\"article-paragraph\" class=\"jsx-3046738180 Paragraph Paragraph__End\">Si le GR\u00ae75 permet de d\u00e9couvrir Paris sous un nouvel angle, certains randonneurs habitu\u00e9s au grand air pourraient \u00eatre frein\u00e9s par le fait de marcher en pleine ville. \u00ab\u00a0La pollution n\u2019est jamais bonne, sauf qu\u2019elle n\u2019est pas statique : elle ne reste et ne perdure pas. Quand vous marchez en ville, il vaut \u00e9viter tout ce qu\u2019on appelle les axes surcharg\u00e9s o\u00f9 se produit un effet canyon, o\u00f9 l\u2019encaissement des immeubles est tel que tout ce qui est produit par le trafic routier stagne au sol\u00a0\u00bb, explique Sophie Dumery, membre de la commission m\u00e9dicale de la FFRandonn\u00e9e \u00e0 BFMTV. Le GR\u00ae75 passe davantage par des zones d\u00e9gag\u00e9es, ce qui est une bonne chose pour l\u2019experte.<\/p>\n<p>Jeanne MARTIN pour TF1 INFO<\/p>\n","protected":false},"excerpt":{"rendered":"Le GR\u00ae75 est une boucle de 50 km vous permettant de faire le tour de Paris. Il a&hellip;\n","protected":false},"author":2,"featured_media":358814,"comment_status":"","ping_status":"","sticky":false,"template":"","format":"standard","meta":{"footnotes":""},"categories":[1888],"tags":[1111,1928,11,1927,1921,1777,674,1011,27,1922,1393,12,1926,626,1925,25,21573,133,45267],"class_list":{"0":"post-358813","1":"post","2":"type-post","3":"status-publish","4":"format-standard","5":"has-post-thumbnail","7":"category-paris","8":"tag-actu","9":"tag-actu-paris","10":"tag-actualites","11":"tag-actualites-paris","12":"tag-article-video","13":"tag-eu","14":"tag-europe","15":"tag-fr","16":"tag-france","17":"tag-info","18":"tag-loisirs","19":"tag-news","20":"tag-news-paris","21":"tag-paris","22":"tag-paris-news","23":"tag-republique-francaise","24":"tag-tourisme-et-loisirs","25":"tag-video","26":"tag-video-voyages"},"share_on_mastodon":{"url":"https:\/\/pubeurope.com\/@fr\/115130252121354827","error":""},"_links":{"self":[{"href":"https:\/\/www.europesays.com\/fr\/wp-json\/wp\/v2\/posts\/358813","targetHints":{"allow":["GET"]}}],"collection":[{"href":"https:\/\/www.europesays.com\/fr\/wp-json\/wp\/v2\/posts"}],"about":[{"href":"https:\/\/www.europesays.com\/fr\/wp-json\/wp\/v2\/types\/post"}],"author":[{"embeddable":true,"href":"https:\/\/www.europesays.com\/fr\/wp-json\/wp\/v2\/users\/2"}],"replies":[{"embeddable":true,"href":"https:\/\/www.europesays.com\/fr\/wp-json\/wp\/v2\/comments?post=358813"}],"version-history":[{"count":0,"href":"https:\/\/www.europesays.com\/fr\/wp-json\/wp\/v2\/posts\/358813\/revisions"}],"wp:featuredmedia":[{"embeddable":true,"href":"https:\/\/www.europesays.com\/fr\/wp-json\/wp\/v2\/media\/358814"}],"wp:attachment":[{"href":"https:\/\/www.europesays.com\/fr\/wp-json\/wp\/v2\/media?parent=358813"}],"wp:term":[{"taxonomy":"category","embeddable":true,"href":"https:\/\/www.europesays.com\/fr\/wp-json\/wp\/v2\/categories?post=358813"},{"taxonomy":"post_tag","embeddable":true,"href":"https:\/\/www.europesays.com\/fr\/wp-json\/wp\/v2\/tags?post=358813"}],"curies":[{"name":"wp","href":"https:\/\/api.w.org\/{rel}","templated":true}]}}