{"id":358821,"date":"2025-09-01T17:39:21","date_gmt":"2025-09-01T17:39:21","guid":{"rendered":"https:\/\/www.europesays.com\/fr\/358821\/"},"modified":"2025-09-01T17:39:21","modified_gmt":"2025-09-01T17:39:21","slug":"ce-depute-tue-par-balle-a-lviv-etait-une-figure-politique-majeure-en-ukraine-le-huffpost","status":"publish","type":"post","link":"https:\/\/www.europesays.com\/fr\/358821\/","title":{"rendered":"Ce d\u00e9put\u00e9 tu\u00e9 par balle \u00e0 Lviv \u00e9tait une figure politique majeure en Ukraine &#8211; Le HuffPost"},"content":{"rendered":"<ol>\n<li><a href=\"https:\/\/news.google.com\/rss\/articles\/CBMi-AFBVV95cUxPY1ltUWpiZHUxNU0zSXJUeFBNWlQ0NFVGV3FXQkpjbnEtS2U5a2xaVlp1dlgzVURnOWRRWWlsbnoxMDJ2ejVyQkxqSkkwVVIwdng0akRWb19WVkNnYVU2M211RWFITTVJLTRFaGlXX0FVY3AwNlRCaGNrRXNhejBkNmJLX3ZhelhCZmQtLTl6X1NDWUllSWVzY2YyWkF0VWFyc3ROdlljdmw1dnlKMmN3NVRDcnV4U0NxY2JwdzJQdm5RUmFRc2FSYUpUMW5IVDJMdVMwOTgtc1BzZ2VzbVJEWFI1M3owdF94SHQ2RWI4WGJjVjl3NU9Bcw?oc=5\" target=\"_blank\" rel=\"nofollow noopener\">Ce d\u00e9put\u00e9 tu\u00e9 par balle \u00e0 Lviv \u00e9tait une figure politique majeure en Ukraine<\/a>&nbsp;&nbsp;Le HuffPost<\/li>\n<li><a href=\"https:\/\/news.google.com\/rss\/articles\/CBMimgJBVV95cUxNUUtZS1d3dlBvc3ZudFRYaHB3ak5IZHQ3a3lsUm1mUGloYklXMWVzbTNVRzJXV2hYejJMRnpEWDJsZE9SQV9uLV9hV3dNV1luRzh4cEhFX1NfRXlUa3lqVDFFeDNPR2FULXlkYWlja2pyT0JSeHFyTjAtSG5obkRHSG1VSVVkQWZOU2pSU0NUVnk5SXRLZ2JRSFFMOTk2WUhSdjgxMzZXcHFlRlVON0pzN2ItN290S2c5bWhpNXA2d0Z4TDViX010WERaeDRkeDlLVlJ4Zlg1SmNiSkVtcWtyclFIVmRzQjRaMHFFem5tbGstWHRMdFZtVXVVVkJGbVFlN01ZbVVqVUxlNXZyS3JIUEhBT0N4ZW5QMnc?oc=5\" target=\"_blank\" rel=\"nofollow noopener\">En direct, guerre en Ukraine : Volodymyr Zelensky annonce l\u2019interpellation d\u2019un suspect apr\u00e8s l\u2019assassinat d\u2019Andri Paroubi<\/a>&nbsp;&nbsp;Le Monde.fr<\/li>\n<li><a href=\"https:\/\/news.google.com\/rss\/articles\/CBMi3wFBVV95cUxQSlFXQVpYT3VXV1FoWjJ0X3dvNV9mLUVzejZneUNpcE1JTzR6UFZmVHhsSWhlelEzZURDWjRFcmRzUllJdGhOaGQ3bkYzX1kzZHp0dHoxUXJvNUZBLVdudU93SWh4TEZ6QTRWd1llWHZtbURTZXB3MGpXWmREWm1XNW1MazA4WXUtU0E2aGVETF8tSHlGQjA1OWZESjBRamRQR2dDMWFpTy15NmtOT0wzQjllTEZRN0tDYW1LelRka2FHbVpvV1ladFAtNk1MMTJDVzUycTdnZ2VlSHkyX01V?oc=5\" target=\"_blank\" rel=\"nofollow noopener\">Ukraine: un suspect du meurtre de l&rsquo;ex-pr\u00e9sident du Parlement arr\u00eat\u00e9, \u00ab\u00a0piste russe\u00a0\u00bb \u00e9voqu\u00e9e<\/a>&nbsp;&nbsp;Actualit\u00e9s \u2013 Orange<\/li>\n<li><a href=\"https:\/\/news.google.com\/rss\/articles\/CBMi1AFBVV95cUxPTmZ5R3RoU2pYbnZKM183aVY1eWh2c091LVU4d0ZDT2YxRG13bFNtSGVVXzJNMV9TbFlmSGxOeDJva1VIMlhoVmR6aEV1ZjFLNFJvenoxX2dIaVpONXBxTEhvMGpRQW8yaVZaMzAxMlZCcTNxRDROemx4LTdtYU9uZGs4UHRvQmx2dGJHazM0a1diWTNHQ29LOFlic21adTROcF9VTU9wNzhKVFE3M3dxeWQwaFU1Yzk5QnZVNURTbkxfZEVGakM2RXJfNktUUVNYdmpsbA?oc=5\" target=\"_blank\" rel=\"nofollow noopener\">Apr\u00e8s l\u2019assassinat d\u2019Andriy Paroubiy, la presse ukrainienne cible la Russie<\/a>&nbsp;&nbsp;Courrier international<\/li>\n<li><a href=\"https:\/\/news.google.com\/rss\/articles\/CBMingJBVV95cUxOZ0I1XzE4STNLQ0ZIQVpMSmxXaFBpTnJNSURUeW9GLXVjbWtpelhKMHRxSHphSU9SX2duSHF4RmhZRDY0UVJwQ3RRZFdNeFBGa3h0ZFpZWEtkN1Z6ODk1bUFKeTNaalpENTRMWWhPdy1mVFpVYzk4dVpQSTFsMmp3Y00zZV9IMV9UTV93TVZWSHhTYTNsYVkwUURydlV3NEY0WHBzRDlaX3FEUDJaem1GNzNPdC11NFNHOXB5ZXZsR19PS2wzVDRTdjhwNG9mMm4tdFZjMXBzWDRkUHFCNTZPOWRTakQ3el9KSlR0TUFHdDJON1hMME5mYnQ3QlJqVzdXV3ZIT3pqanFPWTZHeTNxUUgwWW4ydGFKODJCUTln?oc=5\" target=\"_blank\" rel=\"nofollow noopener\">Ukraine : Volodymyr Zelensky annonce l&rsquo;arrestation d&rsquo;une personne suspect\u00e9e du meurtre de l&rsquo;ex-pr\u00e9sident du Parlement<\/a>&nbsp;&nbsp;France Info<\/li>\n<\/ol>\n","protected":false},"excerpt":{"rendered":"Ce d\u00e9put\u00e9 tu\u00e9 par balle \u00e0 Lviv \u00e9tait une figure politique majeure en Ukraine&nbsp;&nbsp;Le HuffPost En direct, guerre&hellip;\n","protected":false},"author":2,"featured_media":1445,"comment_status":"","ping_status":"","sticky":false,"template":"","format":"standard","meta":{"footnotes":""},"categories":[1590],"tags":[11,1777,674,12,220],"class_list":{"0":"post-358821","1":"post","2":"type-post","3":"status-publish","4":"format-standard","5":"has-post-thumbnail","7":"category-ukraine","8":"tag-actualites","9":"tag-eu","10":"tag-europe","11":"tag-news","12":"tag-ukraine"},"share_on_mastodon":{"url":"https:\/\/pubeurope.com\/@fr\/115130267391363364","error":""},"_links":{"self":[{"href":"https:\/\/www.europesays.com\/fr\/wp-json\/wp\/v2\/posts\/358821","targetHints":{"allow":["GET"]}}],"collection":[{"href":"https:\/\/www.europesays.com\/fr\/wp-json\/wp\/v2\/posts"}],"about":[{"href":"https:\/\/www.europesays.com\/fr\/wp-json\/wp\/v2\/types\/post"}],"author":[{"embeddable":true,"href":"https:\/\/www.europesays.com\/fr\/wp-json\/wp\/v2\/users\/2"}],"replies":[{"embeddable":true,"href":"https:\/\/www.europesays.com\/fr\/wp-json\/wp\/v2\/comments?post=358821"}],"version-history":[{"count":0,"href":"https:\/\/www.europesays.com\/fr\/wp-json\/wp\/v2\/posts\/358821\/revisions"}],"wp:featuredmedia":[{"embeddable":true,"href":"https:\/\/www.europesays.com\/fr\/wp-json\/wp\/v2\/media\/1445"}],"wp:attachment":[{"href":"https:\/\/www.europesays.com\/fr\/wp-json\/wp\/v2\/media?parent=358821"}],"wp:term":[{"taxonomy":"category","embeddable":true,"href":"https:\/\/www.europesays.com\/fr\/wp-json\/wp\/v2\/categories?post=358821"},{"taxonomy":"post_tag","embeddable":true,"href":"https:\/\/www.europesays.com\/fr\/wp-json\/wp\/v2\/tags?post=358821"}],"curies":[{"name":"wp","href":"https:\/\/api.w.org\/{rel}","templated":true}]}}