{"id":358825,"date":"2025-09-01T17:41:11","date_gmt":"2025-09-01T17:41:11","guid":{"rendered":"https:\/\/www.europesays.com\/fr\/358825\/"},"modified":"2025-09-01T17:41:11","modified_gmt":"2025-09-01T17:41:11","slug":"japon-coree-du-sud-et-royaume-uni-ont-connu-leur-ete-le-plus-chaud-jamais-enregistre-actualites","status":"publish","type":"post","link":"https:\/\/www.europesays.com\/fr\/358825\/","title":{"rendered":"Japon, Cor\u00e9e du Sud et Royaume-Uni ont connu leur \u00e9t\u00e9 le plus chaud jamais enregistr\u00e9 : Actualit\u00e9s"},"content":{"rendered":"<p class=\"lead \">Le Japon, la Cor\u00e9e du Sud et le Royaume-Uni ont connu cet \u00e9t\u00e9 des chaleurs record, sympt\u00f4mes d&rsquo;un r\u00e9chauffement climatique particuli\u00e8rement rapide sur les continents europ\u00e9en et asiatique.<\/p>\n<p class=\"lead \">La temp\u00e9rature moyenne au Japon entre juin et ao\u00fbt \u00ab\u00a0a \u00e9t\u00e9 sup\u00e9rieure de 2,36\u00b0C \u00e0 la valeur moyenne, ce qui en fait l&rsquo;\u00e9t\u00e9 le plus chaud depuis le d\u00e9but des relev\u00e9s en 1898\u00a0\u00bb, a annonc\u00e9 lundi l&rsquo;Agence m\u00e9t\u00e9orologique japonaise (JMA), et le \u00ab\u00a0troisi\u00e8me \u00e9t\u00e9 cons\u00e9cutif avec des temp\u00e9ratures record\u00a0\u00bb.<\/p>\n<p class=\"lead \">Au cours de la m\u00eame p\u00e9riode, en Cor\u00e9e du Sud, la temp\u00e9rature moyenne \u00e9tait de 25,7\u00b0C, \u00ab\u00a0la plus \u00e9lev\u00e9e depuis le d\u00e9but de la collecte des donn\u00e9es en 1973\u00a0\u00bb, selon l&rsquo;Administration m\u00e9t\u00e9orologique cor\u00e9enne. <\/p>\n<p class=\"lead \">Le pr\u00e9c\u00e9dent record pour la m\u00eame p\u00e9riode y \u00e9tait de 25,6\u00b0C, \u00e9tabli l&rsquo;ann\u00e9e derni\u00e8re.<\/p>\n<p class=\"lead \">A des milliers de kilom\u00e8tres, le Royaume-Uni a \u00e9galement connu son \u00e9t\u00e9 le plus chaud jamais enregistr\u00e9 depuis le d\u00e9but des relev\u00e9s en 1884, battant le record de 2018, selon l&rsquo;agence m\u00e9t\u00e9orologique Met Office.<\/p>\n<p class=\"lead \">La temp\u00e9rature moyenne relev\u00e9e entre le 1er juin et le 31 ao\u00fbt a \u00e9t\u00e9 de 16,10\u00b0C, soit 1,51\u00b0C au-dessus de la moyenne \u00e0 long terme, avec quatre vagues de chaleur et une p\u00e9nurie d&rsquo;eau. Les cinq \u00e9t\u00e9s les plus chauds jamais enregistr\u00e9s au Royaume-Uni ont d\u00e9sormais tous eu lieu apr\u00e8s 2000.<\/p>\n<p class=\"lead \">Dans ce pays au climat oc\u00e9anique, o\u00f9 les logements n&rsquo;ont pas \u00e9t\u00e9 con\u00e7us pour supporter de telles temp\u00e9ratures, un tiers des Britanniques ont affirm\u00e9 avoir eu du mal \u00e0 maintenir leur logement au frais cet \u00e9t\u00e9, et pr\u00e8s de 47% avoir eu des probl\u00e8mes de sommeil, selon un sondage de l&rsquo;association Citizens Advice.<\/p>\n<p class=\"lead \">Au Japon, la chaleur torride a conduit \u00e0 l&rsquo;hospitalisation de quelque 84.521 personnes dans tout le pays entre le 1er mai et le 24 ao\u00fbt, soit une l\u00e9g\u00e8re augmentation par rapport aux 83.414 personnes hospitalis\u00e9es pendant la m\u00eame p\u00e9riode en 2024, selon l&rsquo;Agence de gestion des incendies et des catastrophes. <\/p>\n<p class=\"lead \">D&rsquo;apr\u00e8s les scientifiques, les vagues de chaleur sont de plus en plus intenses et fr\u00e9quentes dans le monde en raison du changement climatique caus\u00e9 par l&rsquo;homme. <\/p>\n<p class=\"lead \">La vitesse de l&rsquo;augmentation des temp\u00e9ratures n&rsquo;est toutefois pas uniforme \u00e0 travers le monde, et selon les donn\u00e9es mondiales de l&rsquo;Agence am\u00e9ricaine d&rsquo;observation oc\u00e9anique et atmosph\u00e9rique (NOAA), l&rsquo;Europe est le continent qui a connu le r\u00e9chauffement le plus rapide par d\u00e9cennie depuis 1990, suivi de l&rsquo;Asie.<\/p>\n<p class=\"lead \">&#8211; Catastrophe nationale &#8211;<\/p>\n<p class=\"lead \">A Tokyo, Masao Nakano, un adepte du jogging de 80 ans, a d\u00e9clar\u00e9 \u00e0 l&rsquo;AFP qu&rsquo;il regrettait le bon vieux temps o\u00f9 il pouvait simplement \u00ab\u00a0sortir, arroser la rue et sentir l&rsquo;air frais\u00a0\u00bb.<\/p>\n<p class=\"lead \">\u00ab\u00a0C&rsquo;est fou ! Tout cela est d\u00fb \u00e0 l&rsquo;homme, n&rsquo;est-ce pas ? Toutes ces climatisations et cette production d&rsquo;\u00e9lectricit\u00e9\u00a0\u00bb, s&rsquo;est-il interrog\u00e9. <\/p>\n<p class=\"lead \">Les cerisiers japonais, embl\u00e9matiques de l&rsquo;archipel, fleurissent d\u00e9sormais plus t\u00f4t au printemps en raison de temp\u00e9ratures plus chaudes, voire ne fleurissent pas compl\u00e8tement, les automnes et les hivers n&rsquo;\u00e9tant pas assez froids.<\/p>\n<p class=\"lead \">De son c\u00f4t\u00e9, la Cor\u00e9e du Sud fait face \u00e0 une s\u00e9cheresse prolong\u00e9e qui a frapp\u00e9 la ville c\u00f4ti\u00e8re de Gangneung, dans le nord-ouest du pays. <\/p>\n<p class=\"lead \">Un \u00e9tat de catastrophe nationale a \u00e9t\u00e9 d\u00e9clar\u00e9 dans cette ville de 200.000 habitants apr\u00e8s des semaines sans pr\u00e9cipitations tandis que les autorit\u00e9s ont impos\u00e9 des restrictions drastiques \u00e0 l&rsquo;utilisation de l&rsquo;eau par les particuliers.<\/p>\n<p class=\"lead \">En Ecosse, o\u00f9 les niveaux des rivi\u00e8res sont critiques, des limitations en vigueur depuis la semaine derni\u00e8re ont \u00e9t\u00e9 \u00e9tendues lundi \u00e0 de nouvelles zones, affectant les agriculteurs ainsi que certaines distilleries, qui puisent dans les cours d&rsquo;eau pour produire leur c\u00e9l\u00e8bre whisky.<\/p>\n<p class=\"lead \">Dans le nord de l&rsquo;Angleterre, pr\u00e8s de Manchester, le niveau d&rsquo;un r\u00e9servoir b\u00e2ti dans les ann\u00e9es 1930 pour alimenter la ville est tomb\u00e9 si bas que le village noy\u00e9 lors de sa construction a commenc\u00e9 \u00e0 r\u00e9appara\u00eetre, selon des photos publi\u00e9es dans la presse locale.<\/p>\n<p class=\"lead \">L&rsquo;\u00e9tat de s\u00e9cheresse a \u00e9t\u00e9 d\u00e9clar\u00e9 dans cinq r\u00e9gions d&rsquo;Angleterre, et l&rsquo;Agence de l&rsquo;environnement avait jug\u00e9 mi-ao\u00fbt que la p\u00e9nurie d&rsquo;eau \u00e9tait \u00ab\u00a0d&rsquo;importance nationale\u00a0\u00bb, apr\u00e8s le printemps le plus sec depuis plus de cent ans sur ce territoire.<\/p>\n<p class=\"lead \">L&rsquo;Angleterre et le Pays de Galles ont \u00e9galement connu plus de 850 feux depuis le d\u00e9but de l&rsquo;ann\u00e9e, un record.<\/p>\n<p class=\"small font-weight-bold text-gray3 \"> publi\u00e9 le 1 septembre \u00e0 19h27, AFP<\/p>\n<p>                             Partager<\/p>\n","protected":false},"excerpt":{"rendered":"Le Japon, la Cor\u00e9e du Sud et le Royaume-Uni ont connu cet \u00e9t\u00e9 des chaleurs record, sympt\u00f4mes d&rsquo;un&hellip;\n","protected":false},"author":2,"featured_media":358826,"comment_status":"","ping_status":"","sticky":false,"template":"","format":"standard","meta":{"footnotes":""},"categories":[1588],"tags":[11,1129,37301,1777,674,6228,2070,24017,12,473,1853,49429,1851,1850,1852],"class_list":{"0":"post-358825","1":"post","2":"type-post","3":"status-publish","4":"format-standard","5":"has-post-thumbnail","7":"category-royaume-uni","8":"tag-actualites","9":"tag-climat","10":"tag-coresud","11":"tag-eu","12":"tag-europe","13":"tag-gb","14":"tag-japon","15":"tag-mto","16":"tag-news","17":"tag-royaume-uni","18":"tag-royaume-uni-de-grande-bretagne-et-dirlande-du-nord","19":"tag-scheresse","20":"tag-uk","21":"tag-united-kingdom","22":"tag-united-kingdom-of-great-britain-and-northern-ireland"},"share_on_mastodon":{"url":"https:\/\/pubeurope.com\/@fr\/115130275244081634","error":""},"_links":{"self":[{"href":"https:\/\/www.europesays.com\/fr\/wp-json\/wp\/v2\/posts\/358825","targetHints":{"allow":["GET"]}}],"collection":[{"href":"https:\/\/www.europesays.com\/fr\/wp-json\/wp\/v2\/posts"}],"about":[{"href":"https:\/\/www.europesays.com\/fr\/wp-json\/wp\/v2\/types\/post"}],"author":[{"embeddable":true,"href":"https:\/\/www.europesays.com\/fr\/wp-json\/wp\/v2\/users\/2"}],"replies":[{"embeddable":true,"href":"https:\/\/www.europesays.com\/fr\/wp-json\/wp\/v2\/comments?post=358825"}],"version-history":[{"count":0,"href":"https:\/\/www.europesays.com\/fr\/wp-json\/wp\/v2\/posts\/358825\/revisions"}],"wp:featuredmedia":[{"embeddable":true,"href":"https:\/\/www.europesays.com\/fr\/wp-json\/wp\/v2\/media\/358826"}],"wp:attachment":[{"href":"https:\/\/www.europesays.com\/fr\/wp-json\/wp\/v2\/media?parent=358825"}],"wp:term":[{"taxonomy":"category","embeddable":true,"href":"https:\/\/www.europesays.com\/fr\/wp-json\/wp\/v2\/categories?post=358825"},{"taxonomy":"post_tag","embeddable":true,"href":"https:\/\/www.europesays.com\/fr\/wp-json\/wp\/v2\/tags?post=358825"}],"curies":[{"name":"wp","href":"https:\/\/api.w.org\/{rel}","templated":true}]}}