{"id":358827,"date":"2025-09-01T17:42:09","date_gmt":"2025-09-01T17:42:09","guid":{"rendered":"https:\/\/www.europesays.com\/fr\/358827\/"},"modified":"2025-09-01T17:42:09","modified_gmt":"2025-09-01T17:42:09","slug":"le-permis-francais-a-17-ans-reconnu-dans-les-landers-allemands-frontaliers","status":"publish","type":"post","link":"https:\/\/www.europesays.com\/fr\/358827\/","title":{"rendered":"Le permis fran\u00e7ais \u00e0 17 ans reconnu dans les l\u00e4nders allemands frontaliers"},"content":{"rendered":"<p>Le Bade-Wurtemberg et la Rh\u00e9nanie-Palatinat ont clarifi\u00e9 la situation des plus jeunes conducteurs, les deux l\u00e4nders et l&rsquo;Etat f\u00e9ral allemand reconnaissent le permis de conduire fran\u00e7ais \u00e0 17 ans. <\/p>\n<p>Les jeunes qui ont obtenu leur\u00a0permis\u00a0de conduire en France <strong>\u00e0 l&rsquo;\u00e2ge de 17 ans<\/strong> peuvent d\u00e9sormais conduire dans le Bade-Wurtemberg et en Rh\u00e9nanie-Palatinat. C&rsquo;est ce qu&rsquo;ont confirm\u00e9 les Minist\u00e8res des Transports des deux r\u00e9gions frontali\u00e8res \u00e0 l&rsquo;Alsace.<\/p>\n<p>Jusqu&rsquo;\u00e0 pr\u00e9sent, la l\u00e9gislation \u00e9tait floue. Mais les ministres allemands s&rsquo;appuyent sur la <strong>r\u00e9glementation europ\u00e9enne qui veut que les\u00a0permis\u00a0de conduire des \u00c9tats membres de l&rsquo;UE soient mutuellement reconnus<\/strong>. \u00ab\u00a0Les\u00a0permis\u00a0de conduire d\u00e9livr\u00e9s avant l&rsquo;\u00e2ge minimum l\u00e9gal fix\u00e9 dans l&rsquo;UE, c\u2019est-\u00e0-dire 18 ans pour la cat\u00e9gorie B, ne sont initialement valables que dans l\u2019\u00c9tat membre de d\u00e9livrance. Les \u00c9tats membres de l&rsquo;UE peuvent toutefois d\u00e9cider d&rsquo;accepter ces\u00a0permis\u00a0de conduire sur leur territoire\u00a0\u00bb pr\u00e9cise l&rsquo;article 4 de la directive europ\u00e9enne.<\/p>\n<p>L&rsquo;Allemagne a donc fait usage de cette possibilit\u00e9, explique la plateforme d&rsquo;informations transfrontali\u00e8res\u00a0<a target=\"_blank\" rel=\"nofollow noopener noreferrer\" class=\"IciLink ici-link IciArticleLink g-ici-body-regular-1 underline brand svelte-lu7k6w\" href=\"https:\/\/www.infobest.eu\/fr\/themes\/article\/weitere-themen\/fuehrerschein#article-id-432\">Infobest<\/a>. Selon l&rsquo;article 29, paragraphe 1 et 3, du r\u00e8glement sur les\u00a0permis\u00a0de conduire,\u00a0les titulaires\u00a0d&rsquo;un\u00a0permis\u00a0de conduire UE\/EEE\u00a0valide peuvent conduire en Allemagne <strong>en cas de s\u00e9jour temporaire<\/strong> &#8211;\u00a0comme par exemple pour travailler, faire des achats ou partir en vacances.<\/p>\n","protected":false},"excerpt":{"rendered":"Le Bade-Wurtemberg et la Rh\u00e9nanie-Palatinat ont clarifi\u00e9 la situation des plus jeunes conducteurs, les deux l\u00e4nders et l&rsquo;Etat&hellip;\n","protected":false},"author":2,"featured_media":358828,"comment_status":"","ping_status":"","sticky":false,"template":"","format":"standard","meta":{"footnotes":""},"categories":[1587],"tags":[11,672,1804,1805,1803,1777,674,1801,12,1802],"class_list":{"0":"post-358827","1":"post","2":"type-post","3":"status-publish","4":"format-standard","5":"has-post-thumbnail","7":"category-allemagne","8":"tag-actualites","9":"tag-allemagne","10":"tag-bundesrepublik-deutschland","11":"tag-de","12":"tag-deutschland","13":"tag-eu","14":"tag-europe","15":"tag-germany","16":"tag-news","17":"tag-republique-federale-dallemagne"},"share_on_mastodon":{"url":"https:\/\/pubeurope.com\/@fr\/115130279124068333","error":""},"_links":{"self":[{"href":"https:\/\/www.europesays.com\/fr\/wp-json\/wp\/v2\/posts\/358827","targetHints":{"allow":["GET"]}}],"collection":[{"href":"https:\/\/www.europesays.com\/fr\/wp-json\/wp\/v2\/posts"}],"about":[{"href":"https:\/\/www.europesays.com\/fr\/wp-json\/wp\/v2\/types\/post"}],"author":[{"embeddable":true,"href":"https:\/\/www.europesays.com\/fr\/wp-json\/wp\/v2\/users\/2"}],"replies":[{"embeddable":true,"href":"https:\/\/www.europesays.com\/fr\/wp-json\/wp\/v2\/comments?post=358827"}],"version-history":[{"count":0,"href":"https:\/\/www.europesays.com\/fr\/wp-json\/wp\/v2\/posts\/358827\/revisions"}],"wp:featuredmedia":[{"embeddable":true,"href":"https:\/\/www.europesays.com\/fr\/wp-json\/wp\/v2\/media\/358828"}],"wp:attachment":[{"href":"https:\/\/www.europesays.com\/fr\/wp-json\/wp\/v2\/media?parent=358827"}],"wp:term":[{"taxonomy":"category","embeddable":true,"href":"https:\/\/www.europesays.com\/fr\/wp-json\/wp\/v2\/categories?post=358827"},{"taxonomy":"post_tag","embeddable":true,"href":"https:\/\/www.europesays.com\/fr\/wp-json\/wp\/v2\/tags?post=358827"}],"curies":[{"name":"wp","href":"https:\/\/api.w.org\/{rel}","templated":true}]}}