{"id":358829,"date":"2025-09-01T17:43:11","date_gmt":"2025-09-01T17:43:11","guid":{"rendered":"https:\/\/www.europesays.com\/fr\/358829\/"},"modified":"2025-09-01T17:43:11","modified_gmt":"2025-09-01T17:43:11","slug":"des-armoires-pleines-a-craquer-quels-sont-les-pays-europeens-qui-croulent-sous-le-desordre-domestique","status":"publish","type":"post","link":"https:\/\/www.europesays.com\/fr\/358829\/","title":{"rendered":"Des armoires pleines \u00e0 craquer : quels sont les pays europ\u00e9ens qui croulent sous le d\u00e9sordre domestique\u00a0?"},"content":{"rendered":"<p>          <img decoding=\"async\" class=\"c-ad__placeholder__logo\" src=\"https:\/\/static.euronews.com\/website\/images\/logos\/logo-euronews-stacked-outlined-72x72-grey-9.svg\" width=\"72\" height=\"72\" alt=\"\" loading=\"lazy\"\/><br \/>\n          PUBLICIT\u00c9<\/p>\n<p>Le minimalisme n&rsquo;a pas encore gagn\u00e9 &#8211; du moins, pas partout.<\/p>\n<p>Une nouvelle \u00e9tude r\u00e9alis\u00e9e par des sp\u00e9cialistes du stockage a r\u00e9v\u00e9l\u00e9 quels foyers europ\u00e9ens sont susceptibles d&rsquo;\u00eatre les plus encombr\u00e9s, en analysant l&rsquo;argent d\u00e9pens\u00e9 pour les objets qui prennent le plus de place.<\/p>\n<p><strong>La Su\u00e8de<\/strong> occupe la premi\u00e8re place avec un score d&rsquo;encombrement de 98,65. Ce r\u00e9sultat s&rsquo;explique en grande partie par les d\u00e9penses \u00e9lev\u00e9es consacr\u00e9es au mobilier (5,5 %) et \u00e0 l&rsquo;habillement.<\/p>\n<p><strong>Les Pays-Bas<\/strong>, en deuxi\u00e8me position, consacrent la part la plus importante aux articles li\u00e9s \u00e0 l&rsquo;entassement (17,2 %), en particulier aux meubles (6,5 %) et aux articles de loisirs (1,1 %).<\/p>\n<p><strong>L&rsquo;Allemagne et l&rsquo;Autriche<\/strong>, qui occupent respectivement les troisi\u00e8me et quatri\u00e8me places, sont obs\u00e9d\u00e9es par le mobilier et l&rsquo;entretien m\u00e9nager, avec des taux de d\u00e9penses de 6,4 % et 5 %.<\/p>\n<p>En revanche, <strong>l&rsquo;Italie<\/strong>, qui occupe la cinqui\u00e8me place, consacre la majeure partie de son budget d&rsquo;encombrement aux v\u00eatements et aux chaussures (5,2 %).<\/p>\n<p>L&rsquo;habillement est en effet un facteur cl\u00e9 de l&rsquo;encombrement, mais la technologie joue \u00e9galement un r\u00f4le. L&rsquo;\u00e9quipement informatique s&rsquo;est r\u00e9v\u00e9l\u00e9 \u00eatre un contributeur important, en particulier en Lettonie (1,8 %) et en Lituanie (1,7 %).<\/p>\n<p>Par ailleurs, les articles de jardinage et les produits pour animaux de compagnie ajoutent au d\u00e9sordre en Su\u00e8de, en Slov\u00e9nie (1,6 % chacun) et en Allemagne (1,5 %).<\/p>\n<p>En outre, les \u00ab\u00a0biens durables\u00a0\u00bb \u00e0 usage r\u00e9cr\u00e9atif et les autres effets personnels se distinguent dans des pays comme la Bulgarie et l&rsquo;Autriche, ce qui sugg\u00e8re que \u00ab\u00a0les \u00e9quipements de loisirs encombrants et les objets divers occupent \u00e9galement un espace pr\u00e9cieux dans de nombreux m\u00e9nages\u00a0\u00bb, indique <a href=\"https:\/\/eur03.safelinks.protection.outlook.com\/?url=https%3A%2F%2Fwww.boxie24.com%2Fes-us%2F&amp;data=05%7C02%7Calessio.dellanna%40euronews.com%7Cbf0885ea5ba64671b40e08dde61477cd%7Ce59fa28a32ed49aca5a09c46118cfecf%7C0%7C0%7C638919697765467307%7CUnknown%7CTWFpbGZsb3d8eyJFbXB0eU1hcGkiOnRydWUsIlYiOiIwLjAuMDAwMCIsIlAiOiJXaW4zMiIsIkFOIjoiTWFpbCIsIldUIjoyfQ%3D%3D%7C0%7C%7C%7C&amp;sdata=mVG4MWUNGyv3H8fVk5Aj%2FZi8jqT4U%2FztCkeEodntCsM%3D&amp;reserved=0\" target=\"_blank\" rel=\"noreferrer nofollow noopener\"><strong>BOXIE24<\/strong><\/a>.<\/p>\n<p>Les auteurs de l&rsquo;\u00e9tude affirment que pr\u00e8s de 40 % des Europ\u00e9ens ignorent l&rsquo;existence des espaces de self-stockage.<\/p>\n<p>Selon le dernier rapport sur l&rsquo;industrie du self-stockage de la F\u00e9d\u00e9ration europ\u00e9enne du self-stockage (FEDESSA), il existe quelque 9 600 installations de self-stockage sur le continent, totalisant plus de 16 millions de m\u00e8tres carr\u00e9s d&rsquo;espace.<\/p>\n","protected":false},"excerpt":{"rendered":"PUBLICIT\u00c9 Le minimalisme n&rsquo;a pas encore gagn\u00e9 &#8211; du moins, pas partout. Une nouvelle \u00e9tude r\u00e9alis\u00e9e par des&hellip;\n","protected":false},"author":2,"featured_media":358830,"comment_status":"","ping_status":"","sticky":false,"template":"","format":"standard","meta":{"footnotes":""},"categories":[1586],"tags":[11,49430,1777,674,1011,27,12,25,7199],"class_list":{"0":"post-358829","1":"post","2":"type-post","3":"status-publish","4":"format-standard","5":"has-post-thumbnail","7":"category-europe","8":"tag-actualites","9":"tag-biens-de-consommation","10":"tag-eu","11":"tag-europe","12":"tag-fr","13":"tag-france","14":"tag-news","15":"tag-republique-francaise","16":"tag-suede"},"share_on_mastodon":{"url":"https:\/\/pubeurope.com\/@fr\/115130283294157201","error":""},"_links":{"self":[{"href":"https:\/\/www.europesays.com\/fr\/wp-json\/wp\/v2\/posts\/358829","targetHints":{"allow":["GET"]}}],"collection":[{"href":"https:\/\/www.europesays.com\/fr\/wp-json\/wp\/v2\/posts"}],"about":[{"href":"https:\/\/www.europesays.com\/fr\/wp-json\/wp\/v2\/types\/post"}],"author":[{"embeddable":true,"href":"https:\/\/www.europesays.com\/fr\/wp-json\/wp\/v2\/users\/2"}],"replies":[{"embeddable":true,"href":"https:\/\/www.europesays.com\/fr\/wp-json\/wp\/v2\/comments?post=358829"}],"version-history":[{"count":0,"href":"https:\/\/www.europesays.com\/fr\/wp-json\/wp\/v2\/posts\/358829\/revisions"}],"wp:featuredmedia":[{"embeddable":true,"href":"https:\/\/www.europesays.com\/fr\/wp-json\/wp\/v2\/media\/358830"}],"wp:attachment":[{"href":"https:\/\/www.europesays.com\/fr\/wp-json\/wp\/v2\/media?parent=358829"}],"wp:term":[{"taxonomy":"category","embeddable":true,"href":"https:\/\/www.europesays.com\/fr\/wp-json\/wp\/v2\/categories?post=358829"},{"taxonomy":"post_tag","embeddable":true,"href":"https:\/\/www.europesays.com\/fr\/wp-json\/wp\/v2\/tags?post=358829"}],"curies":[{"name":"wp","href":"https:\/\/api.w.org\/{rel}","templated":true}]}}