{"id":358831,"date":"2025-09-01T17:44:12","date_gmt":"2025-09-01T17:44:12","guid":{"rendered":"https:\/\/www.europesays.com\/fr\/358831\/"},"modified":"2025-09-01T17:44:12","modified_gmt":"2025-09-01T17:44:12","slug":"apple-deploie-une-mise-a-jour-de-liphone-12-dans-lunion-europeenne-pour-cause-dondes-trop-puissantes","status":"publish","type":"post","link":"https:\/\/www.europesays.com\/fr\/358831\/","title":{"rendered":"Apple d\u00e9ploie une mise \u00e0 jour de l&rsquo;iPhone\u00a012 dans l&rsquo;Union europ\u00e9enne pour cause d&rsquo;ondes trop puissantes"},"content":{"rendered":"\n<p class=\"c-chapo \">\n  En France, cette mise \u00e0 jour avait \u00e9t\u00e9 introduite en octobre 2023 pour les utilisateurs d&rsquo;iPhone\u00a012.\n<\/p>\n<p>            lire plus tard<\/p>\n<p id=\"dialog__title\" class=\"dialog__title\">Pour sauvegarder cet article, connectez-vous ou cr\u00e9ez un compte franceinfo<\/p>\n<p class=\"dialog__description\">Sans paiement. Sans abonnement.<\/p>\n<p>        Fermer la fen\u00eatre d\u2019activation des notifications France Info<\/p>\n<p>            cr\u00e9er votre compte<\/p>\n<p>            se connecter<\/p>\n<p>        Fermer la fen\u00eatre de pr\u00e9sentation<\/p>\n<p>    <img loading=\"lazy\" decoding=\"async\" class=\"signature__image lazyload\" width=\"100\" height=\"100\" data- alt=\"\" src=\"https:\/\/www.europesays.com\/fr\/wp-content\/uploads\/2025\/05\/64a68815cd1a7_placeholder-36b69ec8.png\"\/><\/p>\n<p>    Publi\u00e9 le 01\/09\/2025 18:53<\/p>\n<p>        Temps de lecture : 2min<\/p>\n<p>    <img decoding=\"async\"  alt=\"Diff\u00e9rents mod\u00e8les d'iPhone visibles dans un Apple Store \u00e0 Berlin, en Allemagne, 12 juillet 2024. (MONIKA SKOLIMOWSKA \/ DPA \/ AFP)\" width=\"432\" height=\"243\" src=\"https:\/\/www.europesays.com\/fr\/wp-content\/uploads\/2025\/09\/043-dpa-pa-240712-99-713979-dpai-68b5cf19e1e56331079923.jpg\" fetchpriority=\"high\"\/><\/p>\n<p>      Diff\u00e9rents mod\u00e8les d&rsquo;iPhone visibles dans un Apple Store \u00e0 Berlin, en Allemagne, 12 juillet 2024. (MONIKA SKOLIMOWSKA \/ DPA \/ AFP)<\/p>\n<p>Apple va d\u00e9ployer dans l&rsquo;Union europ\u00e9enne <a href=\"https:\/\/www.franceinfo.fr\/internet\/apple\/l-iphone-12-interdit-de-vente-en-france-en-raison-d-ondes-trop-puissantes_6059808.html\" rel=\"nofollow noopener\" target=\"_blank\">une mise \u00e0 jour de l&rsquo;iPhone 12<\/a> afin d&rsquo;abaisser la puissance d&rsquo;\u00e9mission d&rsquo;ondes radio, apr\u00e8s une d\u00e9cision de la Commission europ\u00e9enne confirmant que l&rsquo;appareil n&rsquo;est pas conforme aux normes de l&rsquo;UE, a annonc\u00e9 lundi 1er\u00a0septembre l&rsquo;entreprise. Cette mise \u00e0 jour, \u00ab\u00a0introduite en octobre 2023 <a href=\"https:\/\/www.franceinfo.fr\/internet\/telephonie\/iphone-12-retire-temporairement-du-marche-francais-le-ministre-jean-noel-barrot-a-toute-confiance-que-dans-les-quinze-jours-apple-repondra-a-la-mise-en-demeure-de-l-agence-nationale-des-frequences_6059541.html\" rel=\"nofollow noopener\" target=\"_blank\">pour les utilisateurs d&rsquo;iPhone 12 en France<\/a>\u00ab\u00a0, sera \u00e9tendue aux autres pays et territoires de l&rsquo;UE dans les \u00ab\u00a0semaines \u00e0 venir\u00a0\u00bb, a indiqu\u00e9 la marque \u00e0 la pomme dans un communiqu\u00e9.<\/p>\n<p>En France, l&rsquo;Agence nationale des fr\u00e9quences (ANFR) avait suspendu en septembre 2023 la commercialisation de ce t\u00e9l\u00e9phone en raison d&rsquo;un d\u00e9passement des valeurs limites sur les ondes \u00e9lectromagn\u00e9tiques \u00e9mises et absorb\u00e9es par le corps humain, <a href=\"https:\/\/www.franceinfo.fr\/enquetes-franceinfo\/apple-vise-par-une-plainte-en-france-pour-violation-massive-des-donnees-privees_7072983.html\" rel=\"nofollow noopener\" target=\"_blank\">contraignant Apple<\/a> \u00e0 mettre en place une mise \u00e0 jour en octobre 2023.<\/p>\n<p>Selon l&rsquo;agence fran\u00e7aise, l&rsquo;iPhone\u00a012 d\u00e9passe de 1,74\u00a0W par kilogramme (W\/kg), la valeur limite r\u00e9glementaire correspondant \u00e0 l&rsquo;\u00e9nergie pouvant \u00eatre absorb\u00e9e par le corps humain lorsque le t\u00e9l\u00e9phone est tenu \u00e0 la main (appel\u00e9e DAS membres).<\/p>\n<p>La Commission europ\u00e9enne a donn\u00e9 raison le 19\u00a0ao\u00fbt \u00e0 l&rsquo;ANFR, assurant que la mesure nationale fran\u00e7aise \u00e9tait \u00ab\u00a0justifi\u00e9e\u00a0\u00bb. \u00ab\u00a0M\u00eame si nous continuions \u00e0 \u00eatre en d\u00e9saccord avec l&rsquo;approche de test de l&rsquo;ANFR, nous respectons la d\u00e9cision de la Commission europ\u00e9enne d&rsquo;adopter ce protocole au sein de l&rsquo;Union europ\u00e9enne\u00a0\u00bb, a d\u00e9clar\u00e9 Apple. \u00ab\u00a0L&rsquo;iPhone\u00a012 peut \u2013\u00a0et a toujours pu\u00a0\u2013 \u00eatre utilis\u00e9 en toute s\u00e9curit\u00e9, respectant ou d\u00e9passant les normes de DAS (d\u00e9bit d&rsquo;absorption sp\u00e9cifique) applicables dans le monde entier, comme cela a \u00e9t\u00e9 confirm\u00e9 par de nombreux laboratoires et organismes de r\u00e9glementation ind\u00e9pendants\u00a0\u00bb, s&rsquo;est d\u00e9fendu le groupe.<\/p>\n<p>\u00ab\u00a0Les Iphone\u00a012 n\u2019\u00e9taient pas aux normes de s\u00e9curit\u00e9 en France. J&rsquo;avais impos\u00e9 \u00e0 Apple leur mise \u00e0 jour. La Commission europ\u00e9enne nous donne raison aujourd\u2019hui. Les r\u00e8gles que nous avons adopt\u00e9es souverainement ne sont pas n\u00e9gociables\u00a0\u00bb, a salu\u00e9 le ministre de l&rsquo;Europe et des Affaires \u00e9trang\u00e8res, Jean-No\u00ebl Barrot, sur X.<\/p>\n<blockquote class=\"twitter-tweet\">\n<p lang=\"fr\" dir=\"ltr\">Les Iphone 12 n\u2019\u00e9taient pas aux normes de s\u00e9curit\u00e9 en France. J\u2019avais impos\u00e9 \u00e0 Apple leur mise \u00e0 jour. La Commission europ\u00e9enne nous donne raison aujourd\u2019hui. Les r\u00e8gles que nous avons adopt\u00e9es souverainement ne sont pas n\u00e9gociables.<\/p>\n<p>\u2192 <a href=\"https:\/\/t.co\/kYX0hGt6gu\" rel=\"nofollow\">https:\/\/t.co\/kYX0hGt6gu<\/a> <a href=\"https:\/\/t.co\/1VITMAexAq\" rel=\"nofollow\">pic.twitter.com\/1VITMAexAq<\/a><\/p>\n<p>\u2014 Jean-No\u00ebl Barrot (@jnbarrot) <a href=\"https:\/\/twitter.com\/jnbarrot\/status\/1962473612276834659?ref_src=twsrc%5Etfw\" rel=\"nofollow noopener\" target=\"_blank\">September 1, 2025<\/a><\/p><\/blockquote>\n<p><script async src=\"https:\/\/platform.twitter.com\/widgets.js\" charset=\"utf-8\"><\/script><\/p>\n","protected":false},"excerpt":{"rendered":"En France, cette mise \u00e0 jour avait \u00e9t\u00e9 introduite en octobre 2023 pour les utilisateurs d&rsquo;iPhone\u00a012. lire plus&hellip;\n","protected":false},"author":2,"featured_media":358832,"comment_status":"","ping_status":"","sticky":false,"template":"","format":"standard","meta":{"footnotes":""},"categories":[1586],"tags":[11,1777,674,1779,1011,27,12,25,1778,364],"class_list":{"0":"post-358831","1":"post","2":"type-post","3":"status-publish","4":"format-standard","5":"has-post-thumbnail","7":"category-europe","8":"tag-actualites","9":"tag-eu","10":"tag-europe","11":"tag-european-union","12":"tag-fr","13":"tag-france","14":"tag-news","15":"tag-republique-francaise","16":"tag-ue","17":"tag-union-europeenne"},"share_on_mastodon":{"url":"https:\/\/pubeurope.com\/@fr\/115130287078528727","error":""},"_links":{"self":[{"href":"https:\/\/www.europesays.com\/fr\/wp-json\/wp\/v2\/posts\/358831","targetHints":{"allow":["GET"]}}],"collection":[{"href":"https:\/\/www.europesays.com\/fr\/wp-json\/wp\/v2\/posts"}],"about":[{"href":"https:\/\/www.europesays.com\/fr\/wp-json\/wp\/v2\/types\/post"}],"author":[{"embeddable":true,"href":"https:\/\/www.europesays.com\/fr\/wp-json\/wp\/v2\/users\/2"}],"replies":[{"embeddable":true,"href":"https:\/\/www.europesays.com\/fr\/wp-json\/wp\/v2\/comments?post=358831"}],"version-history":[{"count":0,"href":"https:\/\/www.europesays.com\/fr\/wp-json\/wp\/v2\/posts\/358831\/revisions"}],"wp:featuredmedia":[{"embeddable":true,"href":"https:\/\/www.europesays.com\/fr\/wp-json\/wp\/v2\/media\/358832"}],"wp:attachment":[{"href":"https:\/\/www.europesays.com\/fr\/wp-json\/wp\/v2\/media?parent=358831"}],"wp:term":[{"taxonomy":"category","embeddable":true,"href":"https:\/\/www.europesays.com\/fr\/wp-json\/wp\/v2\/categories?post=358831"},{"taxonomy":"post_tag","embeddable":true,"href":"https:\/\/www.europesays.com\/fr\/wp-json\/wp\/v2\/tags?post=358831"}],"curies":[{"name":"wp","href":"https:\/\/api.w.org\/{rel}","templated":true}]}}