{"id":358836,"date":"2025-09-01T17:47:10","date_gmt":"2025-09-01T17:47:10","guid":{"rendered":"https:\/\/www.europesays.com\/fr\/358836\/"},"modified":"2025-09-01T17:47:10","modified_gmt":"2025-09-01T17:47:10","slug":"a-radio-france-la-greve-est-levee-les-syndicats-crient-victoire-liberation","status":"publish","type":"post","link":"https:\/\/www.europesays.com\/fr\/358836\/","title":{"rendered":"A Radio France, la gr\u00e8ve est lev\u00e9e, les syndicats crient victoire \u2013 Lib\u00e9ration"},"content":{"rendered":"<p class=\"sc-ksZaOG ehjQrN text-element\">\u00abC\u2019est une victoire\u00bb, se r\u00e9jouissent les organisations syndicales de Radio France dans un communiqu\u00e9 commun ce 1er\u00a0septembre. Une semaine apr\u00e8s le d\u00e9but <a href=\"https:\/\/www.liberation.fr\/economie\/medias\/a-radio-france-la-greve-illimitee-reconduite-ce-mardi-26-aout-20250826_AXOJZQ54Z5GADGYOY6AZ2ES47I\/\" target=\"_blank\" rel=\"noreferrer noopener\" title=\"https:\/\/www.liberation.fr\/economie\/medias\/a-radio-france-la-greve-illimitee-reconduite-ce-mardi-26-aout-20250826_AXOJZQ54Z5GADGYOY6AZ2ES47I\/\">d\u2019une gr\u00e8ve in\u00e9dite de rentr\u00e9e<\/a>, l\u2019intersyndicale de la radio publique arr\u00eate sa mobilisation, ayant obtenu des engagements de leur direction sur plusieurs de ses revendications. Les syndicats contestaient un projet de r\u00e9organisation, notamment une r\u00e9forme visant les m\u00e9tiers de technicien et de r\u00e9alisateur, ainsi que la strat\u00e9gie \u00e9ditoriale du r\u00e9seau Ici (ex-France Bleu), dont la playlist musicale et plusieurs chroniques seront d\u00e9sormais produites \u00e0 Paris. Etaient aussi concern\u00e9s l\u2019avenir des anciens salari\u00e9s de la station Mouv\u2019et la r\u00e9duction de la place de l\u2019investigation sur les antennes. Ce projet strat\u00e9gique de la PDG, Sibyle Veil, <a href=\"https:\/\/www.liberation.fr\/economie\/medias\/face-aux-restrictions-budgetaires-radio-france-sacrifie-mouv-des-cet-ete-20250427_3WAQNLDWOBFU5P4YV5OFRQFVOY\/\" target=\"_blank\" rel=\"noreferrer noopener\" title=\"https:\/\/www.liberation.fr\/economie\/medias\/face-aux-restrictions-budgetaires-radio-france-sacrifie-mouv-des-cet-ete-20250427_3WAQNLDWOBFU5P4YV5OFRQFVOY\/\">avait \u00e9t\u00e9 annonc\u00e9 au printemps<\/a> pour faire face aux restrictions budg\u00e9taires d\u00e9cid\u00e9es par le gouvernement en d\u00e9but d\u2019ann\u00e9e, de l\u2019ordre de 23,9\u00a0millions d\u2019euros.<\/p>\n<p class=\"sc-ksZaOG ehjQrN text-element\">Apr\u00e8s des r\u00e9unions initiales avec la direction jug\u00e9es insatisfaisantes par les gr\u00e9vistes, les n\u00e9gociations auraient v\u00e9ritablement commenc\u00e9 mercredi, estiment les syndicats. Deux mesures en particulier \u00e9taient au c\u0153ur des discussions ces derniers jours\u00a0: la r\u00e9forme des modes de production, avec la cr\u00e9ation d\u2019un statut de technicien charg\u00e9 de r\u00e9alisation (TCR) fusionnant le traditionnel bin\u00f4me technicien-r\u00e9alisateur et la grille d\u2019Ici. Sur le premier point, les syndicats ont obtenu que le statut ne concerne que cinq postes (contre huit initialement) et qu\u2019il fasse l\u2019objet d\u2019un bilan avant le printemps\u00a02026, tout comme l\u2019animation en autonomie (sans technicien donc) sur Fip. La direction de Radio France a aussi abandonn\u00e9 l\u2019id\u00e9e de ne plus envoyer de bin\u00f4me technicien-r\u00e9alisateur (mais seulement un technicien), sur la captation de concerts en ext\u00e9rieur. Les syndicats pointaient une perte de sens du m\u00e9tier de r\u00e9alisateur.<\/p>\n<p class=\"sc-ksZaOG ehjQrN text-element\">Concernant les antennes d\u2019Ici, les plus mobilis\u00e9es sur cette gr\u00e8ve, elles devraient r\u00e9cup\u00e9rer un peu plus d\u2019autonomie sur leur programmation, \u00ablocale par locale\u00bb annoncent les syndicats. A l\u2019origine, une structure de grille unique devait \u00eatre appliqu\u00e9e \u00e0 toutes les antennes du r\u00e9seau. \u00abUn programme musical identique \u00e0 toutes les stations, pr\u00e9par\u00e9 depuis Paris, cal\u00e9 sur une horloge pour partir partout \u00e0 la m\u00eame heure, dans lequel les animateurs des stations devaient s\u2019incruster sans beaucoup de marge\u00bb, synth\u00e9tise Renaud Dalmar, \u00e9lu CFDT. A l\u2019issue des n\u00e9gociations, ce sont finalement plusieurs structures type qui seront propos\u00e9es par la direction d\u2019Ici, chaque antenne choisissant ensuite laquelle correspond le plus \u00e0 son identit\u00e9. Des \u00e9volutions qui seront discut\u00e9es \u00e0 l\u2019automne, station par station.<\/p>\n<p class=\"sc-ksZaOG ehjQrN text-element\">Concernant les autres \u00e9l\u00e9ments soulev\u00e9s par les syndicats, la direction de Radio France a indiqu\u00e9 que les instances du personnel seront tenues inform\u00e9es du reclassement des salari\u00e9s de Mouv\u2019et de l\u2019avenir de l\u2019antenne, tout comme du fonctionnement de la cellule investigation et de sa capacit\u00e9 \u00e0 travailler sur des enqu\u00eates longue dur\u00e9e. Plut\u00f4t satisfaite de l\u2019issue des n\u00e9gociations, Sibyle Veil a envoy\u00e9 un message \u00e0 l\u2019ensemble des salari\u00e9s pour saluer \u00able dialogue constructif qui nous a permis de sortir de cette situation. Les organisations syndicales ont exprim\u00e9 des inqui\u00e9tudes sur certains projets d\u2019\u00e9volution internes. Nous les avons entendues et comprises. Nous avons propos\u00e9 de proc\u00e9der \u00e0 plusieurs adaptations pour prendre en compte les pr\u00e9occupations tout en continuant de faire avancer des \u00e9volutions qui nous semblent strat\u00e9giques pour notre avenir.\u00bb<\/p>\n<p class=\"sc-ksZaOG ehjQrN text-element\">Et de revenir sur plusieurs rendez-vous critiques initialement fix\u00e9s \u00e0 l\u2019automne pour Radio France\u00a0: les n\u00e9gociations sur le budget 2026 avec d\u2019\u00e9ventuelles \u00e9conomies suppl\u00e9mentaires pour l\u2019entreprise publique, ainsi que <a href=\"https:\/\/www.liberation.fr\/dossier\/reforme-audiovisuel-public\/\" target=\"_blank\" rel=\"noopener\" title=\"https:\/\/www.liberation.fr\/dossier\/reforme-audiovisuel-public\/\">la r\u00e9forme de l\u2019audiovisuel public port\u00e9e par Rachida Dat<\/a>i, dont le retour \u00e0 l\u2019Assembl\u00e9e nationale \u00e9tait pr\u00e9vu pour octobre. Deux perspectives qui, comme le souligne Sibyle Veil dans son message aux salari\u00e9s, devraient n\u00e9anmoins \u00eatre affect\u00e9es par le vote de confiance sollicit\u00e9 par le Premier ministre, Fran\u00e7ois Bayrou le 8\u00a0septembre.<\/p>\n","protected":false},"excerpt":{"rendered":"\u00abC\u2019est une victoire\u00bb, se r\u00e9jouissent les organisations syndicales de Radio France dans un communiqu\u00e9 commun ce 1er\u00a0septembre. Une&hellip;\n","protected":false},"author":2,"featured_media":358837,"comment_status":"","ping_status":"","sticky":false,"template":"","format":"standard","meta":{"footnotes":""},"categories":[4],"tags":[11,1011,27,12,10316,25,36187],"class_list":{"0":"post-358836","1":"post","2":"type-post","3":"status-publish","4":"format-standard","5":"has-post-thumbnail","7":"category-france","8":"tag-actualites","9":"tag-fr","10":"tag-france","11":"tag-news","12":"tag-radio-france","13":"tag-republique-francaise","14":"tag-services-publics"},"share_on_mastodon":{"url":"https:\/\/pubeurope.com\/@fr\/115130298686779824","error":""},"_links":{"self":[{"href":"https:\/\/www.europesays.com\/fr\/wp-json\/wp\/v2\/posts\/358836","targetHints":{"allow":["GET"]}}],"collection":[{"href":"https:\/\/www.europesays.com\/fr\/wp-json\/wp\/v2\/posts"}],"about":[{"href":"https:\/\/www.europesays.com\/fr\/wp-json\/wp\/v2\/types\/post"}],"author":[{"embeddable":true,"href":"https:\/\/www.europesays.com\/fr\/wp-json\/wp\/v2\/users\/2"}],"replies":[{"embeddable":true,"href":"https:\/\/www.europesays.com\/fr\/wp-json\/wp\/v2\/comments?post=358836"}],"version-history":[{"count":0,"href":"https:\/\/www.europesays.com\/fr\/wp-json\/wp\/v2\/posts\/358836\/revisions"}],"wp:featuredmedia":[{"embeddable":true,"href":"https:\/\/www.europesays.com\/fr\/wp-json\/wp\/v2\/media\/358837"}],"wp:attachment":[{"href":"https:\/\/www.europesays.com\/fr\/wp-json\/wp\/v2\/media?parent=358836"}],"wp:term":[{"taxonomy":"category","embeddable":true,"href":"https:\/\/www.europesays.com\/fr\/wp-json\/wp\/v2\/categories?post=358836"},{"taxonomy":"post_tag","embeddable":true,"href":"https:\/\/www.europesays.com\/fr\/wp-json\/wp\/v2\/tags?post=358836"}],"curies":[{"name":"wp","href":"https:\/\/api.w.org\/{rel}","templated":true}]}}