{"id":358838,"date":"2025-09-01T17:50:11","date_gmt":"2025-09-01T17:50:11","guid":{"rendered":"https:\/\/www.europesays.com\/fr\/358838\/"},"modified":"2025-09-01T17:50:11","modified_gmt":"2025-09-01T17:50:11","slug":"philippe-tayeb-evoque-la-prolongation-du-staff-de-gregory-patat-et-fait-le-point-avant-le-debut-de-bayonne-en-top-14","status":"publish","type":"post","link":"https:\/\/www.europesays.com\/fr\/358838\/","title":{"rendered":"Philippe Tayeb \u00e9voque la prolongation du staff de Gr\u00e9gory Patat et fait le point avant le d\u00e9but de Bayonne en Top 14"},"content":{"rendered":"<p class=\"PopSlotParagraph qg-tx2 qg-xtra-lh svelte-1r0pyek\">C&rsquo;est le feuilleton du moment qui perturbe l&rsquo;<a href=\"https:\/\/www.francebleu.fr\/personnes\/aviron-bayonnais\" target=\"_blank\" rel=\"noopener nofollow\" class=\"\" data-testid=\"link\">Aviron Bayonnais<\/a>\u00a0:\u00a0<a href=\"https:\/\/www.francebleu.fr\/sports\/rugby\/aviron-bayonnais-pourquoi-tant-de-flou-autour-de-la-prolongation-de-gregory-patat-avant-la-reprise-du-top-14-2824581\" target=\"_blank\" rel=\"noopener nofollow\" class=\"\" data-testid=\"link\">la prolongation de Gr\u00e9gory Patat<\/a>. Le manager et son staff &#8211; qui terminent leur contrat \u00e0 l&rsquo;\u00e9t\u00e9 2026 &#8211; ne sait pas encore s&rsquo;il y aura une suite \u00e0 cette aventure sur les bords de Nive, qui a amen\u00e9 le club \u00e0 deux qualifications en Champions Cup et une demi-finale de Top 14 la saison derni\u00e8re. Pour r\u00e9pondre \u00e0 ce flou, Philippe Tayeb, le pr\u00e9sident de l&rsquo;Aviron Bayonnais, est l&rsquo;invit\u00e9 de 100% Rugby ce lundi 1er septembre sur ICI Pays Basque.<\/p>\n<p class=\"PopSlotParagraph qg-tx2 qg-xtra-lh svelte-1r0pyek\">Pourquoi le feuilleton dure tant\u00a0? Quelles pr\u00e9rogatives pour le staff \u00e0 l&rsquo;avenir et quelle cohabitation avec Laurent Travers, arriv\u00e9 cet \u00e9t\u00e9 en tant que directeur du rugby\u00a0? Qu&rsquo;en est-il des 250 000 euros perdu par l&rsquo;Aviron dans le dossier Xan Mousques, en faveur de l&rsquo;UBB\u00a0? Le club va-t-il recruter un joker apr\u00e8s\u00a0<a href=\"https:\/\/www.francebleu.fr\/sports\/rugby\/l-aviron-bayonnais-s-incline-contre-toulouse-a-une-semaine-du-debut-de-la-saison-de-top-14-24-28-1380737\" target=\"_blank\" rel=\"noopener nofollow\" class=\"\" data-testid=\"link\">l&rsquo;absence longue dur\u00e9e du pilier droit international Tevita Tatafu<\/a>\u00a0? Quel budget pour la saison 2025\/2026 et quelles ambitions\u00a0?<\/p>\n","protected":false},"excerpt":{"rendered":"C&rsquo;est le feuilleton du moment qui perturbe l&rsquo;Aviron Bayonnais\u00a0:\u00a0la prolongation de Gr\u00e9gory Patat. Le manager et son staff&hellip;\n","protected":false},"author":2,"featured_media":358839,"comment_status":"","ping_status":"","sticky":false,"template":"","format":"standard","meta":{"footnotes":""},"categories":[1416],"tags":[1011,27,479,1468,60],"class_list":{"0":"post-358838","1":"post","2":"type-post","3":"status-publish","4":"format-standard","5":"has-post-thumbnail","7":"category-rugby","8":"tag-fr","9":"tag-france","10":"tag-rugby","11":"tag-rugby-football","12":"tag-sports"},"share_on_mastodon":{"url":"https:\/\/pubeurope.com\/@fr\/115130310594886423","error":""},"_links":{"self":[{"href":"https:\/\/www.europesays.com\/fr\/wp-json\/wp\/v2\/posts\/358838","targetHints":{"allow":["GET"]}}],"collection":[{"href":"https:\/\/www.europesays.com\/fr\/wp-json\/wp\/v2\/posts"}],"about":[{"href":"https:\/\/www.europesays.com\/fr\/wp-json\/wp\/v2\/types\/post"}],"author":[{"embeddable":true,"href":"https:\/\/www.europesays.com\/fr\/wp-json\/wp\/v2\/users\/2"}],"replies":[{"embeddable":true,"href":"https:\/\/www.europesays.com\/fr\/wp-json\/wp\/v2\/comments?post=358838"}],"version-history":[{"count":0,"href":"https:\/\/www.europesays.com\/fr\/wp-json\/wp\/v2\/posts\/358838\/revisions"}],"wp:featuredmedia":[{"embeddable":true,"href":"https:\/\/www.europesays.com\/fr\/wp-json\/wp\/v2\/media\/358839"}],"wp:attachment":[{"href":"https:\/\/www.europesays.com\/fr\/wp-json\/wp\/v2\/media?parent=358838"}],"wp:term":[{"taxonomy":"category","embeddable":true,"href":"https:\/\/www.europesays.com\/fr\/wp-json\/wp\/v2\/categories?post=358838"},{"taxonomy":"post_tag","embeddable":true,"href":"https:\/\/www.europesays.com\/fr\/wp-json\/wp\/v2\/tags?post=358838"}],"curies":[{"name":"wp","href":"https:\/\/api.w.org\/{rel}","templated":true}]}}