{"id":358841,"date":"2025-09-01T17:53:10","date_gmt":"2025-09-01T17:53:10","guid":{"rendered":"https:\/\/www.europesays.com\/fr\/358841\/"},"modified":"2025-09-01T17:53:10","modified_gmt":"2025-09-01T17:53:10","slug":"an-motogp-2022-pour-le-week-end","status":"publish","type":"post","link":"https:\/\/www.europesays.com\/fr\/358841\/","title":{"rendered":"an motoGP 2022 pour le week-end"},"content":{"rendered":"<p>AKARTA \u2013 L\u2019\u00e9v\u00e9nement MotoGP 2022 se poursuivra ce week-end. Marc Marquez est tr\u00e8s probablement \u00e0 nouveau brillant pour poursuivre ses performances positives jusqu\u2019\u00e0 cette saison.<\/p>\n<p>an de la course de suivi du combat rapide le plus prestigieux du monde de la moto aura lieu sur le circuit de l\u2019\u00c9tat du 5 au 7 septembre 2025. C\u2019est la 15e s\u00e9rie du calendrier de cette saison.<\/p>\n<p>in ouvrira une s\u00e9rie de courses en G\u00e9orgie avec une formation gratuite ou une pratique libre (FP) de MotoE le vendredi 5 septembre 2025. La session a eu lieu de 13h30-19h45 WIB.<\/p>\n<p>apr\u00e8s cela, il y aura le premier entra\u00eenement gratuit (FP) Moto3, Moto2 et MotoGP. Les trois s\u00e9ances cons\u00e9cutives ont eu lieu de 14h00 \u00e0 14h35 WIB, de 14h50 \u00e0 15h30 WIB et de 15h45 \u00e0 16h30 WIB.<\/p>\n<p>MotoE, Moto3, Moto2 et MotoGP pratique. Le premier jour de la s\u00e9rie s\u2019est ensuite termin\u00e9 par la premi\u00e8re qualification (Q1) et la deuxi\u00e8me qualification (Q2).<\/p>\n<p>de plus, le deuxi\u00e8me jour, le samedi 6 septembre 2025, la s\u00e9ance ouvrira avec la deuxi\u00e8me pratique libre (FP2) Moto3 \u00e0 13h40-14.10 WIB. Suivi apr\u00e8s FP2 Moto2 et FP2 MotoGP.<\/p>\n<p>in, qui s&rsquo;est produit dans les activit\u00e9s suivantes, en particulier dans les Q1 et Q2 du Moto3 et Moto2, puis dans la course MotoGP du Sprint, puis dans la course 2 du MotoE.<\/p>\n<p>de la course a eu lieu le dimanche 7 septembre 2025. La s\u00e9ance a commenc\u00e9 avec une course Moto3 \u00e0 16h00 WIB (18 routes), une course Moto2 \u00e0 17h15 WIB (21 routes) et la course principale du MotoGP \u00e0 19h00 WIB (24 routes).<\/p>\n<p>quez, qui est en t\u00eate du classement actuel, sera \u00e0 nouveau dominant. L\u2019Espagnol est dans une performance impressionnante et a remport\u00e9 les six derni\u00e8res courses.<\/p>\n<p>an motoGP 2022<\/p>\n<p>, vendredi 5 septembre 2025<\/p>\n<p>ar, samedi 6 septembre 2025<\/p>\n<p>, dimanche 7 septembre 2025<\/p>\n<p>The English, Chinese, Japanese, Arabic, and French versions are automatically generated by the AI. So there may still be inaccuracies in translating, please always see Indonesian as our main language.<br \/>\n                                    (system supported by DigitalSiber.id)<\/p>\n","protected":false},"excerpt":{"rendered":"AKARTA \u2013 L\u2019\u00e9v\u00e9nement MotoGP 2022 se poursuivra ce week-end. Marc Marquez est tr\u00e8s probablement \u00e0 nouveau brillant pour&hellip;\n","protected":false},"author":2,"featured_media":358842,"comment_status":"","ping_status":"","sticky":false,"template":"","format":"standard","meta":{"footnotes":""},"categories":[1413],"tags":[37331,1011,27,49431,1457,1456,19713,49432,49433,60],"class_list":{"0":"post-358841","1":"post","2":"type-post","3":"status-publish","4":"format-standard","5":"has-post-thumbnail","7":"category-moto","8":"tag-calendrier-du-motogp","9":"tag-fr","10":"tag-france","11":"tag-in-motogp","12":"tag-moto","13":"tag-motocycle","14":"tag-motogp-2025","15":"tag-motogp-tunisie","16":"tag-motogp-tunisie-2025","17":"tag-sports"},"share_on_mastodon":{"url":"https:\/\/pubeurope.com\/@fr\/115130322420275147","error":""},"_links":{"self":[{"href":"https:\/\/www.europesays.com\/fr\/wp-json\/wp\/v2\/posts\/358841","targetHints":{"allow":["GET"]}}],"collection":[{"href":"https:\/\/www.europesays.com\/fr\/wp-json\/wp\/v2\/posts"}],"about":[{"href":"https:\/\/www.europesays.com\/fr\/wp-json\/wp\/v2\/types\/post"}],"author":[{"embeddable":true,"href":"https:\/\/www.europesays.com\/fr\/wp-json\/wp\/v2\/users\/2"}],"replies":[{"embeddable":true,"href":"https:\/\/www.europesays.com\/fr\/wp-json\/wp\/v2\/comments?post=358841"}],"version-history":[{"count":0,"href":"https:\/\/www.europesays.com\/fr\/wp-json\/wp\/v2\/posts\/358841\/revisions"}],"wp:featuredmedia":[{"embeddable":true,"href":"https:\/\/www.europesays.com\/fr\/wp-json\/wp\/v2\/media\/358842"}],"wp:attachment":[{"href":"https:\/\/www.europesays.com\/fr\/wp-json\/wp\/v2\/media?parent=358841"}],"wp:term":[{"taxonomy":"category","embeddable":true,"href":"https:\/\/www.europesays.com\/fr\/wp-json\/wp\/v2\/categories?post=358841"},{"taxonomy":"post_tag","embeddable":true,"href":"https:\/\/www.europesays.com\/fr\/wp-json\/wp\/v2\/tags?post=358841"}],"curies":[{"name":"wp","href":"https:\/\/api.w.org\/{rel}","templated":true}]}}