{"id":358845,"date":"2025-09-01T17:55:14","date_gmt":"2025-09-01T17:55:14","guid":{"rendered":"https:\/\/www.europesays.com\/fr\/358845\/"},"modified":"2025-09-01T17:55:14","modified_gmt":"2025-09-01T17:55:14","slug":"cyclisme-jaurais-surtout-aime-plus-daide-sans-pogacar-les-tensions-montent-au-sein-de-la-team-uae","status":"publish","type":"post","link":"https:\/\/www.europesays.com\/fr\/358845\/","title":{"rendered":"Cyclisme\u00a0: \u00ab\u00a0J\u2019aurais surtout aim\u00e9 plus d\u2019aide\u2026\u00a0\u00bb Sans Pogacar, les tensions montent au sein de la Team UAE"},"content":{"rendered":"<p>\n                                                                    l&rsquo;essentiel<br \/>\n                                                                Une guerre interne couve-t-elle \u00e0 la UAE\u00a0? Sans le leader habituel Tadej Pogacar, Joao Almeida et Juan Ayuso, \u00e9taient d\u00e9sign\u00e9s co-leaders sur ce Tour d\u2019Espagne. Sur la 9e \u00e9tape ce dimanche 31\u00a0ao\u00fbt, l\u2019Espagnol s\u2019est laiss\u00e9 d\u00e9crocher, laissant le Portugais, mieux class\u00e9, seul pour d\u00e9fendre sa place face \u00e0 l\u2019attaque de Vingegaard. Une situation que le principal int\u00e9ress\u00e9 n\u2019a pas h\u00e9sit\u00e9 \u00e0 critiquer une fois arriv\u00e9.\n                            <\/p>\n<p>Pas de Tadej Pogacar, mais de tr\u00e8s hautes ambitions tout de m\u00eame. La UAE Team Emirates se pr\u00e9sentait sur <a href=\"https:\/\/www.ladepeche.fr\/2025\/08\/28\/vuelta-apres-le-rose-bruno-armirail-si-pres-de-la-roja-12898563.php\" target=\"_self\" rel=\"nofollow noopener\">cette Vuelta, dernier Grand Tour de la saison<\/a>, avec 2 potentiels leaders, <a href=\"https:\/\/www.ladepeche.fr\/2025\/08\/29\/video-cyclisme-les-visma-mont-dit-que-je-navais-pas-le-droit-dy-aller-quand-juan-ayuso-vainqueur-de-la-7e-etape-de-la-vuelta-fait-de-la-course-une-12900398.php\" target=\"_self\" rel=\"nofollow noopener\">Juan Ayuso, local<\/a>, et <a href=\"https:\/\/www.ladepeche.fr\/2025\/08\/21\/cyclisme-nous-avons-eu-quelques-petits-desaccords-la-team-uae-avec-ayuso-et-almeida-pour-battre-vingegaard-une-entente-impossible-12886337.php\" target=\"_self\" rel=\"nofollow noopener\">Joao Almeida<\/a>. Le premier est persona non grata aupr\u00e8s du vainqueur du Tour de France et ce, de mani\u00e8re plus ou moins officielle, depuis la Grande Boucle 2024 o\u00f9 il a abandonn\u00e9 (pour Covid) quelques jours apr\u00e8s avoir refus\u00e9 d\u2019aider Pogacar.<\/p>\n<p class=\"std-elt__inline\">\n        <strong>\u00c0 lire aussi :<\/strong><br \/>\n        <a href=\"https:\/\/www.ladepeche.fr\/2025\/08\/27\/video-cyclisme-des-manifestants-bloquent-la-route-a-lequipe-israel-premier-tech-lors-du-contre-la-montre-par-equipes-sur-la-vuelta-12896590.php\" rel=\"nofollow noopener\" target=\"_blank\">VIDEO. Cyclisme\u00a0: des manifestants bloquent la route \u00e0 l\u2019\u00e9quipe Isra\u00ebl-Premier Tech lors du contre-la-montre par \u00e9quipes sur la Vuelta<\/a>\n    <\/p>\n<p>Sur le Giro, disput\u00e9 en d\u00e9but de saison, il avait \u00e9t\u00e9 intronis\u00e9 leader de l\u2019\u00e9quipe avant qu\u2019Isaac del Toro n\u2019\u00e9clabousse le\u00a0Tour d\u2019Italie de son talent et lui prenne cette place. R\u00e9sultat\u00a0? Un nouvel abandon de l\u2019Espagnol. Forc\u00e9ment, sur cette Vuelta avec ce statut si particulier de co-leader, il se savait scrut\u00e9.<\/p>\n<p class=\"std-elt__inline\">\n        <strong>\u00c0 lire aussi :<\/strong><br \/>\n        <a href=\"https:\/\/www.ladepeche.fr\/2025\/08\/28\/cyclisme-chris-froome-quadruple-vainqueur-du-tour-de-france-hospitalise-dans-un-etat-serieux-apres-avoir-ete-percute-par-une-voiture-dans-le-var-12897950.php\" rel=\"nofollow noopener\" target=\"_blank\">Cyclisme\u00a0: Chris Froome, quadruple vainqueur du Tour de France, hospitalis\u00e9 dans un \u00e9tat s\u00e9rieux apr\u00e8s avoir \u00e9t\u00e9 percut\u00e9 par une voiture dans le Var<\/a>\n    <\/p>\n<p>Seulement, d\u00e8s la montagne arriv\u00e9e, il a explos\u00e9, conc\u00e9dant pr\u00e8s de 8 minutes sur les autres favoris et son co\u00e9quipier Almeida. Apr\u00e8s cette 6e \u00e9tape il assure qu\u2019il va se rabattre sur la chasse aux victoires d\u2019\u00e9tape et un r\u00f4le de co\u00e9quipier pour aider son \u00e9quipe. Quant \u00e0 ce premier objectif, il le remplit d\u00e8s le lendemain avec une victoire en solitaire sur la 7e \u00e9tape. Pour le reste, on attend de voir.<\/p>\n<p class=\"std-elt__inline\">\n        <strong>\u00c0 lire aussi :<\/strong><br \/>\n        <a href=\"https:\/\/www.ladepeche.fr\/2025\/08\/31\/video-cyclisme-je-me-demande-ce-que-je-fous-la-demain-cest-la-premiere-rentree-de-mon-fils-ce-vice-champion-olympique-traine-son-blues-sur-la-vuelta-12902716.php\" rel=\"nofollow noopener\" target=\"_blank\">VIDEO. Cyclisme\u00a0: \u00ab\u00a0Je me demande ce que je fous l\u00e0, demain c\u2019est la premi\u00e8re rentr\u00e9e de mon fils\u2026\u00a0\u00bb Ce vice-champion olympique tra\u00eene son blues sur la Vuelta<\/a>\n    <\/p>\n<p>Sur la 8e \u00e9tape ce dimanche 31\u00a0ao\u00fbt, il l\u00e2che \u00e0 nouveau tr\u00e8s t\u00f4t dans la course et n\u2019est donc pas aux c\u00f4t\u00e9s d\u2019Almeida lorsque ce dernier subit l\u2019attaque des Visma, Jorgenson et Vingegaard. Un travail d\u2019\u00e9quipe parfait de la part des \u00ab\u00a0Frelons\u00a0\u00bb qui sont couronn\u00e9s de succ\u00e8s avec une victoire d\u2019\u00e9tape et 24 secondes reprises sur les premiers poursuivants du Danois.<\/p>\n<p>Visma aussi forte et plus collective<\/p>\n<p>Joao Almeida, comme \u00e0 son habitude, est mont\u00e9 au train, ne r\u00e9pondant pas \u00e0 l\u2019attaque de son rival, mais a bien limit\u00e9 la casse. Seul, car ni F\u00e9lix Gall ni Tom Piddcock, qui l\u2019a accompagn\u00e9 jusqu\u2019au bout, ne l\u2019ont relay\u00e9 dans la mont\u00e9e finale. \u00ab\u00a0Je comprends qu\u2019ils aient aussi peu roul\u00e9, je voyais bien qu\u2019ils \u00e9taient \u00e0 la limite\u00a0\u00bb, les a excus\u00e9 le Portugais, loin de leur rejeter la faute.<\/p>\n<p class=\"std-elt__inline\">\n        <strong>\u00c0 lire aussi :<\/strong><br \/>\n        <a href=\"https:\/\/www.ladepeche.fr\/2025\/08\/29\/video-cyclisme-les-visma-mont-dit-que-je-navais-pas-le-droit-dy-aller-quand-juan-ayuso-vainqueur-de-la-7e-etape-de-la-vuelta-fait-de-la-course-une-12900398.php\" rel=\"nofollow noopener\" target=\"_blank\">VIDEO. Cyclisme\u00a0: \u00ab\u00a0Les Visma m\u2019ont dit que je n\u2019avais pas le droit d\u2019y aller\u2026\u00a0\u00bb Quand Juan Ayuso, vainqueur de la 7e \u00e9tape de la Vuelta, fait de la course une histoire personnelle<\/a>\n    <\/p>\n<p>Ceux envers qui il semblait un petit peu plus remont\u00e9, ce sont ses co\u00e9quipiers. Habituellement peu enclin \u00e0 se montrer critique face aux micros, il a laiss\u00e9 \u00e9clater une partie de sa frustration. \u00ab\u00a0J\u2019aurais surtout bien aim\u00e9 plus d\u2019aide de mes \u00e9quipiers, mais il n\u2019y avait personne \u00e0 l\u2019arriv\u00e9e. C\u2019est surtout \u00e7a le souci\u00a0\u00bb, a-t-il point\u00e9 du doigt. Jay Vine semble exempt de ces reproches, puisque l\u2019Australien, vainqueur de la 6e \u00e9tape et actuel meilleur grimpeur, a donn\u00e9 un tr\u00e8s gros relais \u00e0 son leader pour tenter de r\u00e9duire l\u2019impact de l\u2019attaque de Vingegaard.<\/p>\n<p class=\"std-elt__inline\">\n        <strong>\u00c0 lire aussi :<\/strong><br \/>\n        <a href=\"https:\/\/www.ladepeche.fr\/2025\/08\/29\/video-cyclisme-un-francais-remporte-le-tour-de-lavenir-pour-la-premiere-fois-depuis-pres-de-10-ans-a-lissue-de-la-derniere-etape-12900170.php\" rel=\"nofollow noopener\" target=\"_blank\">VIDEO. Cyclisme\u00a0: un Fran\u00e7ais remporte le Tour de l\u2019Avenir pour la premi\u00e8re fois depuis pr\u00e8s de 10 ans \u00e0 l\u2019issue de la derni\u00e8re \u00e9tape<\/a>\n    <\/p>\n<p>Ce ne fut pas vraiment le cas de Marc Soler et F\u00e9lix Grosschartner qui n\u2019ont pourtant pas fini largu\u00e9s. Malgr\u00e9 cela, c\u2019est surtout Ayuso qui semble vis\u00e9. Au vu de son talent, il semblerait que l\u2019Espagnol se soit relev\u00e9 apr\u00e8s son effort victorieux la veille. Il a termin\u00e9 derri\u00e8re certains sprinteurs, une h\u00e9r\u00e9sie. Un comportement de soliste dont il est assez coutumier et qui agace au sein d\u2019une \u00e9quipe qu\u2019il devrait quitter en fin de saison. Si elle veut \u00e9viter de r\u00e9p\u00e9ter le fiasco du Giro (del Toro, isol\u00e9, avait c\u00e9d\u00e9 le maillot \u00e0 Simon Yates, un Visma, lors de la derni\u00e8re \u00e9tape), la UAE a tout int\u00e9r\u00eat \u00e0 rapidement rappeler ses diff\u00e9rents coureurs \u00e0 l\u2019ordre, sans quoi elle risque de se faire \u00e9craser par une Visma collective et au moins aussi bien arm\u00e9e.<\/p>\n","protected":false},"excerpt":{"rendered":"l&rsquo;essentiel Une guerre interne couve-t-elle \u00e0 la UAE\u00a0? Sans le leader habituel Tadej Pogacar, Joao Almeida et Juan&hellip;\n","protected":false},"author":2,"featured_media":358846,"comment_status":"","ping_status":"","sticky":false,"template":"","format":"standard","meta":{"footnotes":""},"categories":[1411],"tags":[1154,207,1011,27,60],"class_list":{"0":"post-358845","1":"post","2":"type-post","3":"status-publish","4":"format-standard","5":"has-post-thumbnail","7":"category-cyclisme","8":"tag-cycling","9":"tag-cyclisme","10":"tag-fr","11":"tag-france","12":"tag-sports"},"share_on_mastodon":{"url":"https:\/\/pubeurope.com\/@fr\/115130330218184022","error":""},"_links":{"self":[{"href":"https:\/\/www.europesays.com\/fr\/wp-json\/wp\/v2\/posts\/358845","targetHints":{"allow":["GET"]}}],"collection":[{"href":"https:\/\/www.europesays.com\/fr\/wp-json\/wp\/v2\/posts"}],"about":[{"href":"https:\/\/www.europesays.com\/fr\/wp-json\/wp\/v2\/types\/post"}],"author":[{"embeddable":true,"href":"https:\/\/www.europesays.com\/fr\/wp-json\/wp\/v2\/users\/2"}],"replies":[{"embeddable":true,"href":"https:\/\/www.europesays.com\/fr\/wp-json\/wp\/v2\/comments?post=358845"}],"version-history":[{"count":0,"href":"https:\/\/www.europesays.com\/fr\/wp-json\/wp\/v2\/posts\/358845\/revisions"}],"wp:featuredmedia":[{"embeddable":true,"href":"https:\/\/www.europesays.com\/fr\/wp-json\/wp\/v2\/media\/358846"}],"wp:attachment":[{"href":"https:\/\/www.europesays.com\/fr\/wp-json\/wp\/v2\/media?parent=358845"}],"wp:term":[{"taxonomy":"category","embeddable":true,"href":"https:\/\/www.europesays.com\/fr\/wp-json\/wp\/v2\/categories?post=358845"},{"taxonomy":"post_tag","embeddable":true,"href":"https:\/\/www.europesays.com\/fr\/wp-json\/wp\/v2\/tags?post=358845"}],"curies":[{"name":"wp","href":"https:\/\/api.w.org\/{rel}","templated":true}]}}