{"id":358847,"date":"2025-09-01T17:56:12","date_gmt":"2025-09-01T17:56:12","guid":{"rendered":"https:\/\/www.europesays.com\/fr\/358847\/"},"modified":"2025-09-01T17:56:12","modified_gmt":"2025-09-01T17:56:12","slug":"julien-vetro-ex-girondins-sest-engage-avec-le-fc-sochaux-en-national-1","status":"publish","type":"post","link":"https:\/\/www.europesays.com\/fr\/358847\/","title":{"rendered":"Julien Vetro (Ex-Girondins) s&rsquo;est engag\u00e9 avec le FC Sochaux en National 1"},"content":{"rendered":"<p><img decoding=\"async\" src=\"https:\/\/www.europesays.com\/fr\/wp-content\/uploads\/2025\/09\/671_7609f5e23dc0e29165ea0405e1e58454.jpg\" alt=\"Julien Vetro (Ex-Girondins) s'est engag\u00e9 avec le FC Sochaux en National 1\" class=\"img-responsive mt-3\"\/><\/p>\n<p class=\"text-center mb-3\" style=\"font-size: 14px\">\u00a9 Iconsport<\/p>\n<p>      <strong>\u00c0 la relance au FC Sochaux<\/strong><\/p>\n<p>\u00a0<\/p>\n<p>C&rsquo;est officiel ce soir, Julien Vetro signe au FC Sochaux en N1 pour deux saisons et quitte Burnley.<\/p>\n<p>\u00a0<\/p>\n<p>\u00a0<\/p>\n<p style=\"text-align: justify;\">11h55<\/p>\n<p>Apr\u00e8s une saison en pr\u00eat au Dundee FC, Julien Vetro retrouve la France et le FC Sochaux en National 1. Selon Lo\u00efc Tanzi de L&rsquo;\u00c9quipe, l\u2019ancien de la formation bordelaise va signer au FC Sochaux (N1).<\/p>\n<p>\u00a0<\/p>\n<p style=\"text-align: justify;\">Julien Vetro avait sign\u00e9 \u00e0 Burnley U21 lors de l\u2019\u00e9t\u00e9 2024 avant d&rsquo;\u00eatre pr\u00eat\u00e9 en \u00c9cosse, o\u00f9 il a tr\u00e8s peu jou\u00e9. Il compte 13 apparitions en Ligue 2 avec les Girondins de Bordeaux pour un but et une passe d\u00e9cisive.<\/p>\n<p style=\"text-align: justify;\">Il a aussi jou\u00e9 27 rencontres avec la r\u00e9serve bordelaises pour 6 buts et 2 passes d\u00e9cisives.<\/p>\n<p>\u00c0 voir aussi &gt;&gt; <strong><a href=\"https:\/\/www.webgirondins.com\/actualite-girondins-girondins-les-2-flops-de-chateaubriant-bordeaux-1-3-130250\" target=\"_blank\" rel=\"noopener\">les 2 flops de Ch\u00e2teaubriant-Bordeaux (1-3)<\/a><\/strong><\/p>\n<p style=\"text-align: justify;\">Notre podcast court \u00e0 \u00e9couter :<\/p>\n<p>\u00a0<\/p>\n","protected":false},"excerpt":{"rendered":"\u00a9 Iconsport \u00c0 la relance au FC Sochaux \u00a0 C&rsquo;est officiel ce soir, Julien Vetro signe au FC&hellip;\n","protected":false},"author":2,"featured_media":358848,"comment_status":"","ping_status":"","sticky":false,"template":"","format":"standard","meta":{"footnotes":""},"categories":[1410],"tags":[4255,13771,3396,1997,12708,63,1119,1011,27,1987,1441,28935,3238,14187,60,29172],"class_list":{"0":"post-358847","1":"post","2":"type-post","3":"status-publish","4":"format-standard","5":"has-post-thumbnail","7":"category-football","8":"tag-ancien","9":"tag-attaquant","10":"tag-avec","11":"tag-bordeaux","12":"tag-engage","13":"tag-football","14":"tag-formation","15":"tag-fr","16":"tag-france","17":"tag-girondins","18":"tag-joueur","19":"tag-julien","20":"tag-national","21":"tag-sochaux","22":"tag-sports","23":"tag-vetro"},"share_on_mastodon":{"url":"https:\/\/pubeurope.com\/@fr\/115130334300290925","error":""},"_links":{"self":[{"href":"https:\/\/www.europesays.com\/fr\/wp-json\/wp\/v2\/posts\/358847","targetHints":{"allow":["GET"]}}],"collection":[{"href":"https:\/\/www.europesays.com\/fr\/wp-json\/wp\/v2\/posts"}],"about":[{"href":"https:\/\/www.europesays.com\/fr\/wp-json\/wp\/v2\/types\/post"}],"author":[{"embeddable":true,"href":"https:\/\/www.europesays.com\/fr\/wp-json\/wp\/v2\/users\/2"}],"replies":[{"embeddable":true,"href":"https:\/\/www.europesays.com\/fr\/wp-json\/wp\/v2\/comments?post=358847"}],"version-history":[{"count":0,"href":"https:\/\/www.europesays.com\/fr\/wp-json\/wp\/v2\/posts\/358847\/revisions"}],"wp:featuredmedia":[{"embeddable":true,"href":"https:\/\/www.europesays.com\/fr\/wp-json\/wp\/v2\/media\/358848"}],"wp:attachment":[{"href":"https:\/\/www.europesays.com\/fr\/wp-json\/wp\/v2\/media?parent=358847"}],"wp:term":[{"taxonomy":"category","embeddable":true,"href":"https:\/\/www.europesays.com\/fr\/wp-json\/wp\/v2\/categories?post=358847"},{"taxonomy":"post_tag","embeddable":true,"href":"https:\/\/www.europesays.com\/fr\/wp-json\/wp\/v2\/tags?post=358847"}],"curies":[{"name":"wp","href":"https:\/\/api.w.org\/{rel}","templated":true}]}}