{"id":358851,"date":"2025-09-01T17:58:17","date_gmt":"2025-09-01T17:58:17","guid":{"rendered":"https:\/\/www.europesays.com\/fr\/358851\/"},"modified":"2025-09-01T17:58:17","modified_gmt":"2025-09-01T17:58:17","slug":"benedicte-gady-a-la-direction-du-musee-des-arts-decoratifs","status":"publish","type":"post","link":"https:\/\/www.europesays.com\/fr\/358851\/","title":{"rendered":"B\u00e9n\u00e9dicte Gady \u00e0 la direction du mus\u00e9e des Arts d\u00e9coratifs"},"content":{"rendered":"<p>Nomm\u00e9e en octobre\u00a02024 pour assurer l\u2019int\u00e9rim de Christine Macel \u2013\u00a0<a href=\"https:\/\/www.lequotidiendelart.com\/articles\/26306-christine-macel-quitte-la-t%C3%AAte-du-mad.html\" rel=\"nofollow noopener\" target=\"_blank\">\u00e9cart\u00e9e<\/a>\u00a0apr\u00e8s qu\u2019un audit externe a mis en cause son management \u2013, la conservatrice en chef du patrimoine B\u00e9n\u00e9dicte Gady (n\u00e9e en 1972) prend\u00a0la direction de l\u2019institution, qui r\u00e9unit le muse\u0301e des Arts de\u0301coratifs (MAD), le muse\u0301e Nissim de Camondo, l\u2019e\u0301cole Camondo, les Ateliers du Carrousel et la bibliothe\u0300que des Arts d\u00e9coratifs. 2025 est une ann\u00e9e de changement de gouvernance pour les Arts d\u00e9coratifs, qui ont d\u00fb composer avec les d\u00e9parts successifs de la directrice, de la directrice g\u00e9n\u00e9rale <a href=\"https:\/\/www.lequotidiendelart.com\/articles\/26648-sylvie-corr%C3%A9ard-quitte-la-direction-des-arts-d%C3%A9coratifs.html\" rel=\"nofollow noopener\" target=\"_blank\">Sylvie Corr\u00e9ard<\/a> (\u00e0 qui a succ\u00e9d\u00e9 en mai <a href=\"https:\/\/www.lequotidiendelart.com\/articles\/27444-sophie-justine-lieber-nomm%C3%A9e-directrice-g%C3%A9n%C3%A9rale-des-arts-d%C3%A9coratifs.html\" rel=\"nofollow noopener\" target=\"_blank\">Sophie-Justine Lieber<\/a>), et du pr\u00e9sident de l\u2019association des Arts d\u00e9coratifs, Johannes Huth, dont\u2026<\/p>\n","protected":false},"excerpt":{"rendered":"Nomm\u00e9e en octobre\u00a02024 pour assurer l\u2019int\u00e9rim de Christine Macel \u2013\u00a0\u00e9cart\u00e9e\u00a0apr\u00e8s qu\u2019un audit externe a mis en cause son&hellip;\n","protected":false},"author":2,"featured_media":358852,"comment_status":"","ping_status":"","sticky":false,"template":"","format":"standard","meta":{"footnotes":""},"categories":[1358],"tags":[1348,1384,29407,1385,49436,27029,1386,5804,13635,58,59,1011,27,20731,49435,7107,626],"class_list":{"0":"post-358851","1":"post","2":"type-post","3":"status-publish","4":"format-standard","5":"has-post-thumbnail","7":"category-arts-et-design","8":"tag-arts","9":"tag-arts-and-design","10":"tag-arts-decoratifs","11":"tag-arts-et-design","12":"tag-benedicte-gady","13":"tag-conservatrice","14":"tag-design","15":"tag-dessin","16":"tag-direction","17":"tag-divertissement","18":"tag-entertainment","19":"tag-fr","20":"tag-france","21":"tag-histoire-de-lart","22":"tag-musee-des-arts-decoratifs","23":"tag-musees","24":"tag-paris"},"share_on_mastodon":{"url":"https:\/\/pubeurope.com\/@fr\/115130342011608354","error":""},"_links":{"self":[{"href":"https:\/\/www.europesays.com\/fr\/wp-json\/wp\/v2\/posts\/358851","targetHints":{"allow":["GET"]}}],"collection":[{"href":"https:\/\/www.europesays.com\/fr\/wp-json\/wp\/v2\/posts"}],"about":[{"href":"https:\/\/www.europesays.com\/fr\/wp-json\/wp\/v2\/types\/post"}],"author":[{"embeddable":true,"href":"https:\/\/www.europesays.com\/fr\/wp-json\/wp\/v2\/users\/2"}],"replies":[{"embeddable":true,"href":"https:\/\/www.europesays.com\/fr\/wp-json\/wp\/v2\/comments?post=358851"}],"version-history":[{"count":0,"href":"https:\/\/www.europesays.com\/fr\/wp-json\/wp\/v2\/posts\/358851\/revisions"}],"wp:featuredmedia":[{"embeddable":true,"href":"https:\/\/www.europesays.com\/fr\/wp-json\/wp\/v2\/media\/358852"}],"wp:attachment":[{"href":"https:\/\/www.europesays.com\/fr\/wp-json\/wp\/v2\/media?parent=358851"}],"wp:term":[{"taxonomy":"category","embeddable":true,"href":"https:\/\/www.europesays.com\/fr\/wp-json\/wp\/v2\/categories?post=358851"},{"taxonomy":"post_tag","embeddable":true,"href":"https:\/\/www.europesays.com\/fr\/wp-json\/wp\/v2\/tags?post=358851"}],"curies":[{"name":"wp","href":"https:\/\/api.w.org\/{rel}","templated":true}]}}