{"id":358855,"date":"2025-09-01T18:00:13","date_gmt":"2025-09-01T18:00:13","guid":{"rendered":"https:\/\/www.europesays.com\/fr\/358855\/"},"modified":"2025-09-01T18:00:13","modified_gmt":"2025-09-01T18:00:13","slug":"grande-absente-du-lancement-de-tbt9-kelly-vedovelli-sort-du-silence","status":"publish","type":"post","link":"https:\/\/www.europesays.com\/fr\/358855\/","title":{"rendered":"Grande absente du lancement de TBT9, Kelly Vedovelli sort du silence"},"content":{"rendered":"<p>            <img loading=\"lazy\" decoding=\"async\" src=\"https:\/\/www.europesays.com\/fr\/wp-content\/uploads\/2025\/04\/121-62909a850c1a7-35x35-1.jpg\" class=\"author-article-picture\" width=\"35\" height=\"35\"\/><\/p>\n<p>                Par<br \/>\n                                    <a class=\"author-article-bio-link\" href=\"https:\/\/www.purepeople.com\/auteur\/bertrand-bielle_a121\" rel=\"nofollow noopener\" target=\"_blank\">Bertrand Bielle<\/a><br \/>\n                                                    | Journaliste<\/p>\n<p>\n                Curieux de nature, Bertrand est toujours \u00e0 l\u2019affut du moindre petit scoop. Passionn\u00e9 par le football, il n\u2019est jamais bien loin du ballon rond et de toutes les actualit\u00e9s qui en d\u00e9coulent. Toutefois, l\u2019\u00e9v\u00e8nementiel du showbiz ou de la politique fait \u00e9galement partie de ses recherches journalistiques privil\u00e9gi\u00e9es.\n            <\/p>\n<p>\n    Le lancement de \u00ab\u00a0TBT9\u00a0\u00bb sur W9 \u00e9tait tr\u00e8s attendu, avec le retour de Cyril Hanouna et de nombreux chroniqueurs embl\u00e9matiques. Mais une absence en particulier a fait beaucoup r\u00e9agir les t\u00e9l\u00e9spectateurs et internautes. La principale int\u00e9ress\u00e9e, \u00e0 savoir Kelly Vedovelli, a choisi de briser le silence en story Instagram, avec un message clair.\n<\/p>\n<p>                            <img loading=\"lazy\" decoding=\"async\" class=\"player-thumbnail\" src=\"https:\/\/www.europesays.com\/fr\/wp-content\/uploads\/2025\/09\/c7a526ed9ae5471a-580x326-2.jpg\" width=\"580\" height=\"326\"\/><\/p>\n<p>                    Grande absente du lancement de TBT9, Kelly Vedovelli sort du silence<\/p>\n<p>La suite apr\u00e8s la publicit\u00e9<\/p>\n<p>Des nouveaux avec Nelson Monfort, Marl\u00e8ne Schiappa et J\u00e9r\u00f4me Anthony, ainsi que des anciens comme Val\u00e9rie B\u00e9na\u00efm et Gilles Verdez&#8230;. Tous les chroniqueurs de <a href=\"https:\/\/www.purepeople.com\/article\/a-quelques-jours-de-la-rentree-de-cyril-hanouna-tous-les-details-de-tbt9-liste-des-chroniqueurs-nouveau-plateau-formule_a541675\/1\" rel=\"nofollow noopener\" target=\"_blank\">TBT9 <\/a>sont d\u00e9sormais connus. Ils se sont pr\u00e9sent\u00e9s un \u00e0 un ce lundi 1er septembre, pour le retour de Cyril Hanouna \u00e0 l&rsquo;antenne, sur W9. Des visages embl\u00e9matiques de Touche pas \u00e0 mon poste \u00e9taient donc de retour, mais d&rsquo;autres manquaient \u00e9galement \u00e0 l&rsquo;appel, comme <a href=\"https:\/\/www.purepeople.com\/people\/kelly-vedovelli_p549229\" rel=\"nofollow noopener\" target=\"_blank\">Kelly Vedovelli<\/a>.<\/p>\n<p>Pourtant, sur X, beaucoup d&rsquo;internautes attendaient la jolie blonde en plateau. Cette derni\u00e8re a donc d\u00e9cid\u00e9 de mettre fin au suspense et de prendre la parole par l&rsquo;interm\u00e9diaire de son compte Instagram. Elle a partag\u00e9 une story dans laquelle une personne lui \u00e9crit en message priv\u00e9, en lui expliquant qu&rsquo;elle esp\u00e8re la voir d\u00e9barquer par surprise ce soir, dans la nouvelle \u00e9mission de Baba.<\/p>\n<p>\u00ab\u00a0Je ne peux pas tout reposter mais merci pour vos messages. Cela n&rsquo;arrivera pas, je m&rsquo;en excuse et on en discute plus tard\u00a0\u00bb, a alors \u00e9crit Kelly Vedovelli, en ajoutant trois \u00e9mojis en forme de c\u0153ur rouge. Il ne faut donc pas esp\u00e9rer la voir d\u00e9barquer sur le plateau de TBT9 ce lundi soir. Difficile \u00e9galement d&rsquo;imaginer la voir int\u00e9grer l&rsquo;\u00e9mission plus tard, \u00e9tant donn\u00e9 que tous les chroniqueurs ont d\u00e9j\u00e0 \u00e9t\u00e9 annonc\u00e9s.<\/p>\n<p>Kelly Vedovelli \u00e0 plus de 10 000 kilom\u00e8tres de Paris<\/p>\n<p>Mais sait-on jamais, puisqu&rsquo;elle explique donc qu&rsquo;elle en dira davantage \u00e0 ce sujet prochainement. A noter qu&rsquo;elle n&rsquo;est pas la seule, parmi les anciens chroniqueurs de TPMP, \u00e0 \u00eatre absente. Bernard Montiel, Thomas Gu\u00e9nol\u00e9 ou encore Guillaume Genton, sans oublier Jean-Michel Maire&#8230; Cyril Hanouna a d\u00e9cid\u00e9 de renouveler de mani\u00e8re assez cons\u00e9quente son \u00e9quipe, pour cette nouvelle aventure, en gardant certes, malgr\u00e9 tout, certains visages bien connus de Touche pas \u00e0 mon poste \u00e0 ses c\u00f4t\u00e9s.<\/p>\n<p>Pour rappel, apr\u00e8s la fin de TPMP sur C8, alors que Cyril Hanouna \u00a0continuait \u00e0 diffuser l&rsquo;\u00e9mission sur plusieurs plateformes, notamment YouTube et Dailymotion, Kelly Vedovelli s&rsquo;\u00e9tait quant \u00e0 elle envol\u00e9e pour une destination exotique<a href=\"https:\/\/www.purepeople.com\/article\/kelly-vedovelli-a-pres-de-10-000-kilometres-de-paris-detente-absolue-dans-un-lieu-iconique-recemment-rouvert-au-public_a536730\/1\" rel=\"nofollow noopener\" target=\"_blank\">, \u00e0 pr\u00e8s de 10 000 kilom\u00e8tres de Paris.<\/a> Elle avait quitt\u00e9 la capitale\u00a0<a href=\"https:\/\/www.purepeople.com\/article\/apres-la-fin-de-c8-lheure-est-a-la-fete-pour-kelly-vedovelli-a-lautre-bout-du-monde-elle-retrouve-une-figure-phare-de-tpmp_a535233\/1\" rel=\"nofollow noopener\" target=\"_blank\"> pour rejoindre Ludivine Retory<\/a>, ancienne chroniqueuse de TPMP, en Martinique, o\u00f9 elle a notamment profit\u00e9 du carnaval.\u00a0<\/p>\n","protected":false},"excerpt":{"rendered":"Par Bertrand Bielle | Journaliste Curieux de nature, Bertrand est toujours \u00e0 l\u2019affut du moindre petit scoop. Passionn\u00e9&hellip;\n","protected":false},"author":2,"featured_media":358856,"comment_status":"","ping_status":"","sticky":false,"template":"","format":"standard","meta":{"footnotes":""},"categories":[1356],"tags":[58,59,1011,27,252,1364],"class_list":{"0":"post-358855","1":"post","2":"type-post","3":"status-publish","4":"format-standard","5":"has-post-thumbnail","7":"category-television","8":"tag-divertissement","9":"tag-entertainment","10":"tag-fr","11":"tag-france","12":"tag-television","13":"tag-tv"},"share_on_mastodon":{"url":"https:\/\/pubeurope.com\/@fr\/115130350713895545","error":""},"_links":{"self":[{"href":"https:\/\/www.europesays.com\/fr\/wp-json\/wp\/v2\/posts\/358855","targetHints":{"allow":["GET"]}}],"collection":[{"href":"https:\/\/www.europesays.com\/fr\/wp-json\/wp\/v2\/posts"}],"about":[{"href":"https:\/\/www.europesays.com\/fr\/wp-json\/wp\/v2\/types\/post"}],"author":[{"embeddable":true,"href":"https:\/\/www.europesays.com\/fr\/wp-json\/wp\/v2\/users\/2"}],"replies":[{"embeddable":true,"href":"https:\/\/www.europesays.com\/fr\/wp-json\/wp\/v2\/comments?post=358855"}],"version-history":[{"count":0,"href":"https:\/\/www.europesays.com\/fr\/wp-json\/wp\/v2\/posts\/358855\/revisions"}],"wp:featuredmedia":[{"embeddable":true,"href":"https:\/\/www.europesays.com\/fr\/wp-json\/wp\/v2\/media\/358856"}],"wp:attachment":[{"href":"https:\/\/www.europesays.com\/fr\/wp-json\/wp\/v2\/media?parent=358855"}],"wp:term":[{"taxonomy":"category","embeddable":true,"href":"https:\/\/www.europesays.com\/fr\/wp-json\/wp\/v2\/categories?post=358855"},{"taxonomy":"post_tag","embeddable":true,"href":"https:\/\/www.europesays.com\/fr\/wp-json\/wp\/v2\/tags?post=358855"}],"curies":[{"name":"wp","href":"https:\/\/api.w.org\/{rel}","templated":true}]}}