{"id":358857,"date":"2025-09-01T18:01:14","date_gmt":"2025-09-01T18:01:14","guid":{"rendered":"https:\/\/www.europesays.com\/fr\/358857\/"},"modified":"2025-09-01T18:01:14","modified_gmt":"2025-09-01T18:01:14","slug":"pas-de-secret-juste-du-bon-sens-pour-preserver-sa-voix","status":"publish","type":"post","link":"https:\/\/www.europesays.com\/fr\/358857\/","title":{"rendered":"\u00ab\u00a0Pas de secret, juste du bon sens\u00a0\u00bb pour pr\u00e9server sa voix"},"content":{"rendered":"<p><strong><a href=\"https:\/\/www.metalzone.fr\/bruce-dickinson\/\" rel=\"nofollow noopener\" target=\"_blank\">Bruce Dickinson<\/a> a r\u00e9cemment confi\u00e9 qu\u2019il ne faisait rien de particulier pour entretenir sa voix, sinon respecter son corps et faire preuve de bon sens, tout en poursuivant sa tourn\u00e9e solo aux \u00c9tats-Unis et en pr\u00e9parant un nouvel album annonc\u00e9 pour 2027.<\/strong><\/p>\n<p>\u201cPrenez soin de votre corps\u201d : Bruce Dickinson parle de sa voix<\/p>\n<p>Interrog\u00e9 par AMFM Magazine sur les efforts qu\u2019il d\u00e9ploie pour pr\u00e9server sa voix, Bruce Dickinson a r\u00e9pondu sans d\u00e9tour, comme l\u2019a rapport\u00e9 <a href=\"https:\/\/blabbermouth.net\/news\/bruce-dickinson-doesnt-do-anything-special-to-take-care-of-his-singing-voice-if-you-respect-your-body-the-voice-is-just-a-projection-of-that\" target=\"_blank\" rel=\"noopener nofollow\">Blabbermouth<\/a> : \u201cRien de sp\u00e9cial, honn\u00eatement, juste du bon sens. \u00c9vitez d\u2019aller crier comme un forcen\u00e9 \u00e0 un match de foot la veille d\u2019un concert. Il faut mener une vie un peu monacale : la voix a besoin de repos, de sommeil. Prenez-en soin. Prenez soin de votre corps, car la voix n\u2019est finalement qu\u2019un reflet de votre \u00e9tat physique.\u201d<\/p>\n<p>Le chanteur d\u2019<a href=\"https:\/\/www.metalzone.fr\/iron-maiden\/\" rel=\"nofollow noopener\" target=\"_blank\">Iron Maiden<\/a> explique \u00e9galement qu\u2019il s\u2019appuie sur une bonne technique et une capacit\u00e9 pulmonaire importante pour tenir en tourn\u00e9e : \u201cJe suis un vieux sac \u00e0 vent, mais j\u2019ai assez de souffle pour soutenir ma voix.\u201d<\/p>\n<p>Une tourn\u00e9e solo en cours\u2026 en attendant un album \u201c\u00e0 vous broyer les os\u201d<\/p>\n<p>Bruce Dickinson poursuit actuellement sa tourn\u00e9e nord-am\u00e9ricaine The Mandrake Project Live 2025, entam\u00e9e le 22 ao\u00fbt \u00e0 Anaheim, pour promouvoir son album The Mandrake Project paru en mars 2024. Il y revisite aussi bien ses classiques solos que certains morceaux d\u2019Iron Maiden rarement jou\u00e9s, comme Flash Of The Blade.<\/p>\n<p>Cette s\u00e9rie de concerts intimistes marque son retour solo sur sc\u00e8ne apr\u00e8s plus de vingt ans d\u2019absence aux \u00c9tats-Unis. Le musicien est accompagn\u00e9 de Dave Moreno, Mistheria, Tanya O\u2019Callaghan, ainsi que des nouveaux guitaristes Philip N\u00e4slund et Chris Declercq.<\/p>\n<p>En parall\u00e8le, Dickinson travaille d\u00e9j\u00e0 sur son prochain disque, attendu pour 2027. L\u2019artiste a confirm\u00e9 avoir fa\u00e7onn\u00e9 18 d\u00e9mos, avec un enregistrement pr\u00e9vu d\u00e9but 2026. Le disque sera r\u00e9alis\u00e9 en live avec son groupe actuel, et promet une intensit\u00e9 extr\u00eame : \u201clourd \u00e0 vous broyer les os\u201d, selon ses mots, valid\u00e9s par Steve Harris lui-m\u00eame.<\/p>\n<p>Entre ses concerts en solo et la tourn\u00e9e Run For Your Lives d\u2019Iron Maiden, Bruce Dickinson ne compte manifestement pas ralentir le rythme.<\/p><\/p>\n","protected":false},"excerpt":{"rendered":"Bruce Dickinson a r\u00e9cemment confi\u00e9 qu\u2019il ne faisait rien de particulier pour entretenir sa voix, sinon respecter son&hellip;\n","protected":false},"author":2,"featured_media":13083,"comment_status":"","ping_status":"","sticky":false,"template":"","format":"standard","meta":{"footnotes":""},"categories":[1355],"tags":[58,59,1011,27,1361,873],"class_list":{"0":"post-358857","1":"post","2":"type-post","3":"status-publish","4":"format-standard","5":"has-post-thumbnail","7":"category-musique","8":"tag-divertissement","9":"tag-entertainment","10":"tag-fr","11":"tag-france","12":"tag-music","13":"tag-musique"},"share_on_mastodon":{"url":"https:\/\/pubeurope.com\/@fr\/115130353894875317","error":""},"_links":{"self":[{"href":"https:\/\/www.europesays.com\/fr\/wp-json\/wp\/v2\/posts\/358857","targetHints":{"allow":["GET"]}}],"collection":[{"href":"https:\/\/www.europesays.com\/fr\/wp-json\/wp\/v2\/posts"}],"about":[{"href":"https:\/\/www.europesays.com\/fr\/wp-json\/wp\/v2\/types\/post"}],"author":[{"embeddable":true,"href":"https:\/\/www.europesays.com\/fr\/wp-json\/wp\/v2\/users\/2"}],"replies":[{"embeddable":true,"href":"https:\/\/www.europesays.com\/fr\/wp-json\/wp\/v2\/comments?post=358857"}],"version-history":[{"count":0,"href":"https:\/\/www.europesays.com\/fr\/wp-json\/wp\/v2\/posts\/358857\/revisions"}],"wp:featuredmedia":[{"embeddable":true,"href":"https:\/\/www.europesays.com\/fr\/wp-json\/wp\/v2\/media\/13083"}],"wp:attachment":[{"href":"https:\/\/www.europesays.com\/fr\/wp-json\/wp\/v2\/media?parent=358857"}],"wp:term":[{"taxonomy":"category","embeddable":true,"href":"https:\/\/www.europesays.com\/fr\/wp-json\/wp\/v2\/categories?post=358857"},{"taxonomy":"post_tag","embeddable":true,"href":"https:\/\/www.europesays.com\/fr\/wp-json\/wp\/v2\/tags?post=358857"}],"curies":[{"name":"wp","href":"https:\/\/api.w.org\/{rel}","templated":true}]}}