{"id":358860,"date":"2025-09-01T18:03:16","date_gmt":"2025-09-01T18:03:16","guid":{"rendered":"https:\/\/www.europesays.com\/fr\/358860\/"},"modified":"2025-09-01T18:03:16","modified_gmt":"2025-09-01T18:03:16","slug":"diabete-pourquoi-lassurance-maladie-serre-la-vis-sur-lozempic","status":"publish","type":"post","link":"https:\/\/www.europesays.com\/fr\/358860\/","title":{"rendered":"Diab\u00e8te : pourquoi l\u2019Assurance Maladie serre la vis sur l\u2019Ozempic ?"},"content":{"rendered":"<p>             <a href=\"https:\/\/ma-sante.news\/wp-content\/uploads\/2025\/09\/medicaments-diabete-anti-obesite-pas-rembourses-assurance-maladie-Ma-Sante-.jpeg\" data-caption=\"L\u2019ANSM rappelle que les analogues du GLP-1 comme l\u2019Ozempic\u00ae ne doivent \u00eatre prescrits qu\u2019aux patients diab\u00e9tiques de type 2. \u00a9\u00a0Adobe Stock\" target=\"_blank\" rel=\"noopener\"><img loading=\"lazy\" decoding=\"async\" width=\"696\" height=\"465\" class=\"entry-thumb td-modal-image\" src=\"data:image\/svg+xml,%3Csvg%20xmlns=\" http:=\"\" data-lazy- data-lazy- alt=\"Un pharmacien qui facture \u00e0 sa cliente des m\u00e9dicaments pour le diab\u00e8te.\" title=\"me\u0301dicaments diabe\u0300te anti obe\u0301site\u0301 pas rembourse\u0301s assurance maladie Ma Sante\u0301\" data-lazy-src=\"https:\/\/www.europesays.com\/fr\/wp-content\/uploads\/2025\/09\/medicaments-diabete-anti-obesite-pas-rembourses-assurance-maladie-Ma-Sante--696x465.jpeg\"\/><\/a>L\u2019ANSM rappelle que les analogues du GLP-1 comme l\u2019Ozempic\u00ae ne doivent \u00eatre prescrits qu\u2019aux patients diab\u00e9tiques de type 2. \u00a9\u00a0Adobe Stock                                    \t\t\t             <a class=\"gofollow\" data-track=\"MjgsMCw2MA==\" href=\"https:\/\/ma-sante.news\/inscrivez-vous-a-notre-newsletter\/\" target=\"_blank\" rel=\"noopener\"><img loading=\"lazy\" decoding=\"async\" width=\"1068\" height=\"131\" src=\"data:image\/svg+xml,%3Csvg%20xmlns=\" http:=\"\" data-lazy-src=\"https:\/\/www.europesays.com\/fr\/wp-content\/uploads\/2025\/03\/banniere-newsletter.png\"\/><\/a> <\/p>\n<p>Depuis le 1er juin 2025, un dispositif transitoire imposait d\u00e9j\u00e0 aux patients<a href=\"https:\/\/ma-sante.news\/wegovy-ozempic-mounjaro-faut-il-croire-a-ces-piqures-pour-maigrir\/\" target=\"_blank\" rel=\"noopener\"> trait\u00e9s par analogues du GLP-1 <\/a>de pr\u00e9senter en pharmacie un justificatif remis par leur m\u00e9decin pour \u00eatre rembours\u00e9s. <\/p>\n<p>Jusqu\u2019au 31 ao\u00fbt 2025, une marge de souplesse existait : en cas d\u2019oubli, les patients pouvaient avancer les frais puis se faire rembourser apr\u00e8s coup, en envoyant les documents \u00e0 leur caisse. Mais depuis le 1er septembre 2025, cette possibilit\u00e9 a disparu. Sans justificatif pr\u00e9sent\u00e9 au moment de l\u2019achat, <a href=\"https:\/\/www.ameli.fr\/assure\/actualites\/antidiabetiques-une-periode-transitoire-permet-le-remboursement-des-patients-apres-avance-de-frais\" target=\"_blank\" rel=\"noopener\">aucun remboursement r\u00e9troactif n\u2019est accord\u00e9<\/a>.<\/p>\n<p>        Quels m\u00e9dicaments sont concern\u00e9s ?    <\/p>\n<p>Les traitements vis\u00e9s sont les analogues du GLP-1, utilis\u00e9s dans<a href=\"https:\/\/ma-sante.news\/diabete-la-genetique-est-elle-reellement-un-facteur-de-risque\/\" target=\"_blank\" rel=\"noopener\"> le diab\u00e8te de type 2 <\/a>:<\/p>\n<ul class=\"wp-block-list\">\n<li>Ozempic\u00ae (s\u00e9maglutide)<\/li>\n<li>Trulicity\u00ae (dulaglutide)<\/li>\n<li>Victoza\u00ae (liraglutide)<\/li>\n<li>Byetta\u00ae (ex\u00e9natide), ajout\u00e9 par arr\u00eat\u00e9 officiel du 1er f\u00e9vrier 2025 (Journal officiel).<\/li>\n<\/ul>\n<p>Ces m\u00e9dicaments sont prescrits en compl\u00e9ment d\u2019une alimentation \u00e9quilibr\u00e9e et d\u2019une activit\u00e9 physique r\u00e9guli\u00e8re. Ils stimulent la s\u00e9cr\u00e9tion d\u2019insuline de mani\u00e8re d\u00e9pendante de <a href=\"https:\/\/ma-sante.news\/mesure-de-la-glycemie-pourquoi-faut-il-se-mefier-des-appareils-connectes\/\" target=\"_blank\" rel=\"noopener\">la glyc\u00e9mie<\/a> et contribuent \u00e0 mieux contr\u00f4ler le diab\u00e8te. Environ 700 000 patients sont concern\u00e9s en France selon l\u2019ANSM.<\/p>\n<p>        Pourquoi cette d\u00e9cision ?    <\/p>\n<p>La mesure r\u00e9pond \u00e0 deux enjeux majeurs :<\/p>\n<ol class=\"wp-block-list\">\n<li>Limiter le m\u00e9susage : ces m\u00e9dicaments connaissent<a href=\"https:\/\/ma-sante.news\/medicaments-antidiabetiques-une-solution-efficace-contre-obesite\/\" target=\"_blank\" rel=\"noopener\"> un d\u00e9tournement croissant pour la perte de poids<\/a>, alors que ce n\u2019est pas une indication reconnue en France. La prescription \u00ab hors AMM \u00bb (hors autorisation de mise sur le march\u00e9) reste l\u00e9gale, mais n\u2019est pas rembours\u00e9e : le m\u00e9decin doit alors indiquer \u00ab non remboursable (NR) \u00bb sur l\u2019ordonnance.<\/li>\n<li>Pr\u00e9server la disponibilit\u00e9 : en raison de ce m\u00e9susage, des tensions d\u2019approvisionnement sont apparues. L\u2019ANSM alerte depuis 2023 sur ces p\u00e9nuries r\u00e9p\u00e9t\u00e9es, qui fragilisent l\u2019acc\u00e8s au traitement des diab\u00e9tiques de type 2.<\/li>\n<\/ol>\n<p>        Mais alors, comment faire pour y avoir acc\u00e8s ?\u00a0    <strong>Quelles cons\u00e9quences pour les patients diab\u00e9tiques ?<\/strong>    <\/p>\n<p>D\u00e9sormais, pour \u00eatre rembours\u00e9, chaque patient doit pr\u00e9senter en pharmacie :<\/p>\n<ul class=\"wp-block-list\">\n<li>une ordonnance m\u00e9dicale,<\/li>\n<li>et surtout un justificatif sp\u00e9cifique, remis par le m\u00e9decin, valable toute la dur\u00e9e du traitement.<\/li>\n<\/ul>\n<p>Ce document doit \u00eatre pr\u00e9sent\u00e9 \u00e0 chaque d\u00e9livrance, sans quoi le patient devra payer int\u00e9gralement. Le prix public TTC d\u2019une bo\u00eete d\u2019Ozempic\u00ae est de 77,60 \u20ac (honoraires de dispensation inclus), avec un remboursement \u00e0 30 % seulement si les conditions sont respect\u00e9es (base de donn\u00e9es publique des m\u00e9dicaments).<\/p>\n<p>Sans prise en charge, la facture mensuelle peut donc devenir rapidement difficile \u00e0 assumer.<\/p>\n<p>        <strong>Des r\u00e9actions partag\u00e9es<\/strong>    <\/p>\n<p>Cette d\u00e9cision, si elle est jug\u00e9e n\u00e9cessaire par les autorit\u00e9s, suscite des inqui\u00e9tudes parmi les associations de patients. Certains craignent des ruptures de traitement temporaires, le temps d\u2019obtenir le fameux justificatif.<\/p>\n<p>De leur c\u00f4t\u00e9, les autorit\u00e9s sanitaires rappellent que cette mesure vise avant tout \u00e0 prot\u00e9ger les diab\u00e9tiques : \u00ab Il s\u2019agit de r\u00e9server ces traitements aux patients pour lesquels l\u2019efficacit\u00e9 est d\u00e9montr\u00e9e, et d\u2019\u00e9viter leur m\u00e9susage \u00bb, souligne l\u2019Assurance Maladie.<\/p>\n<p>        Et apr\u00e8s ?    <\/p>\n<p>Cette d\u00e9cision pourrait contribuer \u00e0 r\u00e9duire la tension sur les stocks. Mais elle relance aussi le d\u00e9bat sur l\u2019usage des analogues du GLP-1 dans le traitement de l\u2019ob\u00e9sit\u00e9.<\/p>\n<p>Aux \u00c9tats-Unis, le s\u00e9maglutide (sous le nom Wegovy\u00ae) ou le tirz\u00e9patide (Mounjaro\u00ae) sont d\u00e9j\u00e0 autoris\u00e9s dans cette indication. En France, ils sont disponibles mais non rembours\u00e9s, avec un co\u00fbt moyen de 274 \u00e0 365 \u20ac par mois selon les dosages.<\/p>\n<blockquote class=\"wp-block-quote is-layout-flow wp-block-quote-is-layout-flow\">\n<p><strong>\u00c0 SAVOIR<\/strong><\/p>\n<p>L\u2019ANSM rappelle que la disponibilit\u00e9 des analogues du GLP-1 reste fragile et demande aux professionnels de sant\u00e9 de limiter leur prescription aux seules indications valid\u00e9es.<\/p>\n<\/blockquote>\n<p>  <a class=\"gofollow\" data-track=\"MTIsMCw2MA==\" href=\"https:\/\/ma-sante.news\/annonceurs\/\" target=\"_blank\" rel=\"noopener\"><img loading=\"lazy\" decoding=\"async\" width=\"2560\" height=\"2133\" src=\"data:image\/svg+xml,%3Csvg%20xmlns=\" http:=\"\" data-lazy-src=\"https:\/\/www.europesays.com\/fr\/wp-content\/uploads\/2025\/03\/pub-annonceurs-4-scaled.jpg\"\/><\/a>    <img loading=\"lazy\" decoding=\"async\" width=\"755\" height=\"495\" src=\"data:image\/svg+xml,%3Csvg%20xmlns=\" http:=\"\" data-lazy-src=\"https:\/\/www.europesays.com\/fr\/wp-content\/uploads\/2025\/03\/Image1.jpg\"\/>Inscrivez-vous \u00e0 notre newsletter <br \/>Ma Sant\u00e9                      <\/p>\n","protected":false},"excerpt":{"rendered":"L\u2019ANSM rappelle que les analogues du GLP-1 comme l\u2019Ozempic\u00ae ne doivent \u00eatre prescrits qu\u2019aux patients diab\u00e9tiques de type&hellip;\n","protected":false},"author":2,"featured_media":358861,"comment_status":"","ping_status":"","sticky":false,"template":"","format":"standard","meta":{"footnotes":""},"categories":[10],"tags":[6575,1011,27,72,71],"class_list":{"0":"post-358860","1":"post","2":"type-post","3":"status-publish","4":"format-standard","5":"has-post-thumbnail","7":"category-sante","8":"tag-diabu00e8te","9":"tag-fr","10":"tag-france","11":"tag-health","12":"tag-sante"},"share_on_mastodon":{"url":"https:\/\/pubeurope.com\/@fr\/115130361698413781","error":""},"_links":{"self":[{"href":"https:\/\/www.europesays.com\/fr\/wp-json\/wp\/v2\/posts\/358860","targetHints":{"allow":["GET"]}}],"collection":[{"href":"https:\/\/www.europesays.com\/fr\/wp-json\/wp\/v2\/posts"}],"about":[{"href":"https:\/\/www.europesays.com\/fr\/wp-json\/wp\/v2\/types\/post"}],"author":[{"embeddable":true,"href":"https:\/\/www.europesays.com\/fr\/wp-json\/wp\/v2\/users\/2"}],"replies":[{"embeddable":true,"href":"https:\/\/www.europesays.com\/fr\/wp-json\/wp\/v2\/comments?post=358860"}],"version-history":[{"count":0,"href":"https:\/\/www.europesays.com\/fr\/wp-json\/wp\/v2\/posts\/358860\/revisions"}],"wp:featuredmedia":[{"embeddable":true,"href":"https:\/\/www.europesays.com\/fr\/wp-json\/wp\/v2\/media\/358861"}],"wp:attachment":[{"href":"https:\/\/www.europesays.com\/fr\/wp-json\/wp\/v2\/media?parent=358860"}],"wp:term":[{"taxonomy":"category","embeddable":true,"href":"https:\/\/www.europesays.com\/fr\/wp-json\/wp\/v2\/categories?post=358860"},{"taxonomy":"post_tag","embeddable":true,"href":"https:\/\/www.europesays.com\/fr\/wp-json\/wp\/v2\/tags?post=358860"}],"curies":[{"name":"wp","href":"https:\/\/api.w.org\/{rel}","templated":true}]}}