{"id":358864,"date":"2025-09-01T18:05:15","date_gmt":"2025-09-01T18:05:15","guid":{"rendered":"https:\/\/www.europesays.com\/fr\/358864\/"},"modified":"2025-09-01T18:05:15","modified_gmt":"2025-09-01T18:05:15","slug":"amanda-seyfried-sest-habillee-comme-julia-roberts-a-venise-et-ce-nest-pas-un-hasard","status":"publish","type":"post","link":"https:\/\/www.europesays.com\/fr\/358864\/","title":{"rendered":"Amanda Seyfried s\u2019est habill\u00e9e comme Julia Roberts \u00e0 Venise, et ce n\u2019est pas un hasard"},"content":{"rendered":"<p>        <img decoding=\"async\" loading=\"lazy\" src=\"https:\/\/www.europesays.com\/fr\/wp-content\/uploads\/2025\/09\/a3f16bf_upload-1-3rqlfnrljlmv-afp-20250901-732989u-v1-highres-italycinemavenicefilmfestivalmostra.jp.jpeg\"  width=\"728\" height=\"410\" alt=\"Amanda Seyfried, ici au mois de septembre 2025, \u00e0 Venise.\"\/>  <\/p>\n<p>TIZIANA FABI \/ AFP<\/p>\n<p>Amanda Seyfried, ici au mois de septembre 2025, \u00e0 Venise.<\/p>\n<p class=\"asset asset-text\">MODE &#8211; L\u2019anecdote aurait tout d\u2019un scandale sur le tapis rouge du Met gala. \u00c0 la <a href=\"https:\/\/www.huffingtonpost.fr\/culture\/article\/mostra-de-venise-the-voice-of-hind-rajab-n-est-pas-encore-projete-que-gaza-y-est-deja-dans-toutes-les-tetes_254121.html\" target=\"_blank\" rel=\"noopener\">Mostra<\/a>, il n\u2019en est rien. De passage au festival de cin\u00e9ma de Venise, o\u00f9 elle est en comp\u00e9tition pour The Testament of Ann Lee, <a href=\"https:\/\/www.huffingtonpost.fr\/culture\/article\/amanda-seyfried-et-son-mari-thomas-sadoski-complices-a-l-avant-premiere-de-mamma-mia-here-we-go-again_127576.html\" target=\"_blank\" rel=\"noopener\">Amanda Seyfried<\/a> a attir\u00e9 l\u2019\u0153il des tablo\u00efds en apparaissant, ce lundi 1er\u00a0septembre, dans le m\u00eame look qu\u2019une de ses cons\u0153urs\u00a0: <a href=\"https:\/\/www.huffingtonpost.fr\/people\/video\/mostra-de-venise-julia-roberts-a-pousse-la-promo-de-son-film-jusqu-a-son-gilet_254088.html\" target=\"_blank\" rel=\"noopener\">Julia Roberts<\/a>.<\/p>\n<p class=\"asset asset-text\">Chemise \u00e0 rayures, veste oversize, jean et ceintures\u2026 La tenue de la com\u00e9dienne de 39\u00a0ans, port\u00e9e \u00e0 l\u2019occasion de la conf\u00e9rence de presse du film de Mona Fastvold co\u00e9crit avec Brady Corbet, ressemble en tout point \u00e0 celle de la star de Pretty Woman, pr\u00e9sente sur le Lido quelques jours plus t\u00f4t pour le nouveau long-m\u00e9trage de Luca Guadagnino.<\/p>\n<p class=\"asset asset-text\">Ce n\u2019est pas un hasard, ni un couac. L\u2019id\u00e9e vient d\u2019Amanda Seyfried qui, en voyant sur le compte Instagram d\u2019Elizabeth Stewart &#8211; une styliste de renom qu\u2019elle partage avec Julia Roberts (et un parterre d\u2019autres c\u00e9l\u00e9brit\u00e9s, dont Viola Davis et Jessica Chastain) &#8211; les v\u00eatements de son a\u00een\u00e9e lors du photocall d\u2019After The Hunt a demand\u00e9 \u00e0 porter les m\u00eames.<\/p>\n<p class=\"asset asset-text\">\u00ab\u00a0Merci d\u2019avoir partag\u00e9\u00a0\u00bb, lui a alors \u00e9crit l\u2019actrice sur le r\u00e9seau social, ce lundi, en l\u00e9gende d\u2019une s\u00e9rie de photos d\u2019elle dans ce m\u00eame look. Deux hashtags accompagnent ses mots pour appuyer ce qu\u2019elle pr\u00e9sente comme un petit geste \u00e9colo\u00a0: #sustainable (en fran\u00e7ais, \u00ab\u00a0durable\u00a0\u00bb) et #shareyourlooks (\u00ab\u00a0partagez vos tenues\u00a0\u00bb).<\/p>\n<p> La lecture de ce contenu est susceptible d\u2019entra\u00eener un d\u00e9p\u00f4t de cookies de la part de l\u2019op\u00e9rateur tiers qui l\u2019h\u00e9berge. Compte-tenu des choix que vous avez exprim\u00e9s en mati\u00e8re de d\u00e9p\u00f4t de cookies, nous avons bloqu\u00e9 l\u2019affichage de ce contenu. Si vous souhaitez y acc\u00e9der, vous devez accepter la cat\u00e9gorie de cookies \u201cContenus tiers\u201d en cliquant sur le bouton ci-dessous. <\/p>\n<p> Lire la Vid\u00e9o        <\/p>\n<p class=\"asset asset-text\">Un constat partag\u00e9 par Elizabeth Stewart qui, \u00e0 son tour, a tenu \u00e0 remercier Julia Roberts pour sa \u00ab\u00a0g\u00e9n\u00e9rosit\u00e9\u00a0\u00bb et son esprit \u00ab\u00a0durable\u00a0\u00bb. \u00ab\u00a0Partager, c\u2019est faire attention\u00a0\u00bb, a pr\u00e9cis\u00e9 la styliste dans son message, salu\u00e9 \u00e9galement par la star hollywoodienne. \u00ab\u00a0Amanda\u00a0\u00bb, a ainsi comment\u00e9 Julia Roberts avec deux \u00e9mojis aux yeux en forme de c\u0153ur.<\/p>\n<p> La lecture de ce contenu est susceptible d\u2019entra\u00eener un d\u00e9p\u00f4t de cookies de la part de l\u2019op\u00e9rateur tiers qui l\u2019h\u00e9berge. Compte-tenu des choix que vous avez exprim\u00e9s en mati\u00e8re de d\u00e9p\u00f4t de cookies, nous avons bloqu\u00e9 l\u2019affichage de ce contenu. Si vous souhaitez y acc\u00e9der, vous devez accepter la cat\u00e9gorie de cookies \u201cContenus tiers\u201d en cliquant sur le bouton ci-dessous. <\/p>\n<p> Lire la Vid\u00e9o        <\/p>\n<p class=\"asset asset-text\">Doit-on voir une vraie motivation \u00e9cologique derri\u00e8re cette initiative, un probl\u00e8me de valises ou un coup de c\u0153ur sinc\u00e8re d\u2019Amanda Seyfried pour la tenue, comme s\u2019interrogent plusieurs utilisateurs sur <a href=\"https:\/\/www.reddit.com\/r\/whatthefrockk\/comments\/1n5lra4\/amanda_seyfried_in_versace_at_the_photo_call_of\/\" target=\"_blank\" rel=\"noopener\" title=\"Nouvelle fen\u00eatre\">Reddit<\/a>\u00a0? Myst\u00e8re.<\/p>\n<p>    Amanda Seyfried et Julia Roberts en Versace    <\/p>\n<p class=\"asset asset-text\">Aux Oscars et dans la plupart des grands festivals de cin\u00e9ma, comme celui de Venise, de Cannes ou de Berlin, les robes ou les looks sur le tapis rouge et ses abords sont d\u00e9finis d\u2019un commun accord (parfois financier) entre les grandes maisons de mode et les repr\u00e9sentants des stars, qui se voient recevoir des propositions \u00e0 l\u2019officialisation de la s\u00e9lection de films.<\/p>\n<p class=\"asset asset-text\">La d\u00e9cision d\u2019opter pour une tenue plut\u00f4t qu\u2019une autre peut se faire bien en amont, ou jusqu\u2019au tout dernier moment. Elle est dans tous les cas r\u00e9gie par une strat\u00e9gie marketing r\u00e9fl\u00e9chie tr\u00e8s \u00e0 l\u2019avance par les marques, comme l\u2019a expliqu\u00e9 au site <a href=\"https:\/\/fashionista.com\/2013\/05\/the-secrets-of-celebrity-dressing-at-cannes\" target=\"_blank\" rel=\"noopener\" title=\"Nouvelle fen\u00eatre\">Fashionista<\/a> la directrice de la communication d\u2019Elie Saab, \u00e0 l\u2019origine des looks d\u2019Aishwarya Rai et plusieurs autres stars sur la Croisette.<\/p>\n<p class=\"asset asset-text\">Julia Roberts et Amanda Seyfried ont pour leur part \u00e9t\u00e9 habill\u00e9es par la grande maison italienne Versace de la t\u00eate aux pieds. Le twist\u00a0? Les v\u00eatements qui leur ont \u00e9t\u00e9 pr\u00eat\u00e9s ne sont pas encore commercialis\u00e9s. Ils ont \u00e9t\u00e9 con\u00e7us par les \u00e9quipes du successeur de Donatella Versace, un certain Dario Vitale dont la nouvelle collection doit \u00eatre pr\u00e9sent\u00e9e \u00e0 Milan en ce mois de septembre.<\/p>\n","protected":false},"excerpt":{"rendered":"TIZIANA FABI \/ AFP Amanda Seyfried, ici au mois de septembre 2025, \u00e0 Venise. MODE &#8211; L\u2019anecdote aurait&hellip;\n","protected":false},"author":2,"featured_media":358865,"comment_status":"","ping_status":"","sticky":false,"template":"","format":"standard","meta":{"footnotes":""},"categories":[8],"tags":[49437,58,59,1011,27,21334,985,973],"class_list":{"0":"post-358864","1":"post","2":"type-post","3":"status-publish","4":"format-standard","5":"has-post-thumbnail","7":"category-divertissement","8":"tag-amanda-seyfried","9":"tag-divertissement","10":"tag-entertainment","11":"tag-fr","12":"tag-france","13":"tag-julia-roberts","14":"tag-mode","15":"tag-people"},"share_on_mastodon":{"url":"https:\/\/pubeurope.com\/@fr\/115130369689255885","error":""},"_links":{"self":[{"href":"https:\/\/www.europesays.com\/fr\/wp-json\/wp\/v2\/posts\/358864","targetHints":{"allow":["GET"]}}],"collection":[{"href":"https:\/\/www.europesays.com\/fr\/wp-json\/wp\/v2\/posts"}],"about":[{"href":"https:\/\/www.europesays.com\/fr\/wp-json\/wp\/v2\/types\/post"}],"author":[{"embeddable":true,"href":"https:\/\/www.europesays.com\/fr\/wp-json\/wp\/v2\/users\/2"}],"replies":[{"embeddable":true,"href":"https:\/\/www.europesays.com\/fr\/wp-json\/wp\/v2\/comments?post=358864"}],"version-history":[{"count":0,"href":"https:\/\/www.europesays.com\/fr\/wp-json\/wp\/v2\/posts\/358864\/revisions"}],"wp:featuredmedia":[{"embeddable":true,"href":"https:\/\/www.europesays.com\/fr\/wp-json\/wp\/v2\/media\/358865"}],"wp:attachment":[{"href":"https:\/\/www.europesays.com\/fr\/wp-json\/wp\/v2\/media?parent=358864"}],"wp:term":[{"taxonomy":"category","embeddable":true,"href":"https:\/\/www.europesays.com\/fr\/wp-json\/wp\/v2\/categories?post=358864"},{"taxonomy":"post_tag","embeddable":true,"href":"https:\/\/www.europesays.com\/fr\/wp-json\/wp\/v2\/tags?post=358864"}],"curies":[{"name":"wp","href":"https:\/\/api.w.org\/{rel}","templated":true}]}}