{"id":358867,"date":"2025-09-01T18:07:08","date_gmt":"2025-09-01T18:07:08","guid":{"rendered":"https:\/\/www.europesays.com\/fr\/358867\/"},"modified":"2025-09-01T18:07:08","modified_gmt":"2025-09-01T18:07:08","slug":"le-patron-de-nestle-laurent-freixe-licencie-apres-une-relation-amoureuse-avec-une-collaboratrice-rts-ch","status":"publish","type":"post","link":"https:\/\/www.europesays.com\/fr\/358867\/","title":{"rendered":"Le patron de Nestl\u00e9 Laurent Freixe licenci\u00e9 apr\u00e8s une relation amoureuse avec une collaboratrice &#8211; rts.ch"},"content":{"rendered":"<p>Nestl\u00e9 se s\u00e9pare avec effet imm\u00e9diat de son directeur g\u00e9n\u00e9ral (CEO) Laurent Freixe. Cette d\u00e9cision intervient apr\u00e8s une enqu\u00eate sur une relation amoureuse cach\u00e9e avec une collaboratrice qui lui \u00e9tait directement subordonn\u00e9e, a pr\u00e9cis\u00e9 la multinationale lundi.<\/p>\n<p>Le conseil d&rsquo;administration de Nestl\u00e9 a estim\u00e9 que le comportement de Laurent Freixe violait le code de conduite et les directives internes du groupe. Il a d\u00e9sign\u00e9 le patron de Nespresso Philipp Navratil comme nouveau directeur g\u00e9n\u00e9ral du groupe.<\/p>\n<p>L&rsquo;organe de surveillance souligne que l&rsquo;orientation strat\u00e9gique de Nestl\u00e9 reste inchang\u00e9e et que l&rsquo;on veut augmenter le rythme de croissance et d&rsquo;efficience.<\/p>\n<p>Une d\u00e9cision \u00ab\u00a0n\u00e9cessaire\u00a0\u00bb<\/p>\n<p>L&rsquo;enqu\u00eate contre Laurent Freixe a \u00e9t\u00e9 men\u00e9e sous la surveillance de l&rsquo;ancien pr\u00e9sident du conseil d&rsquo;administration Paul Bulcke et du nouveau pr\u00e9sident d\u00e9sign\u00e9 Pablo Isla. Cit\u00e9 dans le communiqu\u00e9, Paul Bulcke a estim\u00e9 que la d\u00e9cision \u00e9tait n\u00e9cessaire. Les valeurs et la gouvernance de Nestl\u00e9 repr\u00e9sentent un fondement solide de l&rsquo;entreprise. Paul Bulcke a aussi remerci\u00e9 Laurent Freixe pour son engagement de plusieurs ann\u00e9es.<\/p>\n<p>Le nouveau patron du groupe Philipp Navratil travaille au sein de Nestl\u00e9 depuis 24 ans. Il y a d\u00e9but\u00e9 sa carri\u00e8re en 2001 \u00e0 la r\u00e9vision interne. L&rsquo;an dernier, il a \u00e9t\u00e9 nomm\u00e9 directeur de Nespresso. Il fait partie de la direction de groupe depuis le d\u00e9but de cette ann\u00e9e.<\/p>\n<p class=\"sources\">ats\/boi<\/p>\n","protected":false},"excerpt":{"rendered":"Nestl\u00e9 se s\u00e9pare avec effet imm\u00e9diat de son directeur g\u00e9n\u00e9ral (CEO) Laurent Freixe. Cette d\u00e9cision intervient apr\u00e8s une&hellip;\n","protected":false},"author":2,"featured_media":358868,"comment_status":"","ping_status":"","sticky":false,"template":"","format":"standard","meta":{"footnotes":""},"categories":[6],"tags":[35,7889,9132,33,6359,34,1067,1011,27,49438,49439,5824,49440,8322,49441,9673],"class_list":{"0":"post-358867","1":"post","2":"type-post","3":"status-publish","4":"format-standard","5":"has-post-thumbnail","7":"category-economie","8":"tag-business","9":"tag-directeur","10":"tag-directeur-general","11":"tag-economie","12":"tag-economie-et-finances","13":"tag-economy","14":"tag-enquete","15":"tag-fr","16":"tag-france","17":"tag-laurent-freixe","18":"tag-microeconomie","19":"tag-nestle","20":"tag-paul-bulcke","21":"tag-ressources-humaines","22":"tag-secteur-agroalimentaire","23":"tag-surveillance"},"share_on_mastodon":{"url":"https:\/\/pubeurope.com\/@fr\/115130377455349143","error":""},"_links":{"self":[{"href":"https:\/\/www.europesays.com\/fr\/wp-json\/wp\/v2\/posts\/358867","targetHints":{"allow":["GET"]}}],"collection":[{"href":"https:\/\/www.europesays.com\/fr\/wp-json\/wp\/v2\/posts"}],"about":[{"href":"https:\/\/www.europesays.com\/fr\/wp-json\/wp\/v2\/types\/post"}],"author":[{"embeddable":true,"href":"https:\/\/www.europesays.com\/fr\/wp-json\/wp\/v2\/users\/2"}],"replies":[{"embeddable":true,"href":"https:\/\/www.europesays.com\/fr\/wp-json\/wp\/v2\/comments?post=358867"}],"version-history":[{"count":0,"href":"https:\/\/www.europesays.com\/fr\/wp-json\/wp\/v2\/posts\/358867\/revisions"}],"wp:featuredmedia":[{"embeddable":true,"href":"https:\/\/www.europesays.com\/fr\/wp-json\/wp\/v2\/media\/358868"}],"wp:attachment":[{"href":"https:\/\/www.europesays.com\/fr\/wp-json\/wp\/v2\/media?parent=358867"}],"wp:term":[{"taxonomy":"category","embeddable":true,"href":"https:\/\/www.europesays.com\/fr\/wp-json\/wp\/v2\/categories?post=358867"},{"taxonomy":"post_tag","embeddable":true,"href":"https:\/\/www.europesays.com\/fr\/wp-json\/wp\/v2\/tags?post=358867"}],"curies":[{"name":"wp","href":"https:\/\/api.w.org\/{rel}","templated":true}]}}