{"id":358869,"date":"2025-09-01T18:08:10","date_gmt":"2025-09-01T18:08:10","guid":{"rendered":"https:\/\/www.europesays.com\/fr\/358869\/"},"modified":"2025-09-01T18:08:10","modified_gmt":"2025-09-01T18:08:10","slug":"poutine-cible-de-plus-en-plus-directement-lunion-europeenne","status":"publish","type":"post","link":"https:\/\/www.europesays.com\/fr\/358869\/","title":{"rendered":"Poutine cible de plus en plus directement l\u2019Union europ\u00e9enne"},"content":{"rendered":"<p><strong>ANALYSE &#8211; <\/strong>En brouillant le signal de l\u2019avion d\u2019Ursula von der Leyen pour l\u2019emp\u00eacher d\u2019atterrir, la Russie visait directement la pr\u00e9sidente de la Commission par ses op\u00e9rations de guerre hybride.<\/p>\n<p class=\"fig-paragraph\">Ursula von\u00a0der\u00a0Leyen a ressenti concr\u00e8tement ce que signifiait la\u00a0<a href=\"http:\/\/www.lefigaro.fr\/international\/face-a-la-guerre-hybride-de-la-russie-l-otan-reflechit-a-une-nouvelle-strategie-20241212\" data-fig-type=\"Article\" data-gtm-custom-categorie=\"navigation\" data-gtm-custom-action=\"crossclick\" data-gtm-custom-label=\"Contextuel\" data-gtm-event=\"customEventSPE\" data-fig-domain=\"LEFIGARO\" target=\"_blank\" rel=\"noopener\">guerre hybride<\/a>\u00a0men\u00e9e par Vladimir Poutine, dimanche, lorsque son jet priv\u00e9 affr\u00e9t\u00e9 pour un voyage dans plusieurs pays frontaliers de la Russie a \u00e9t\u00e9\u00a0<a href=\"http:\/\/www.lefigaro.fr\/international\/l-avion-d-ursula-von-der-leyen-touche-par-une-interference-gps-russe-presumee-a-ete-contraint-d-atterrir-20250901\" data-fig-type=\"NewsFlash\" data-gtm-custom-categorie=\"navigation\" data-gtm-custom-action=\"crossclick\" data-gtm-custom-label=\"Contextuel\" data-gtm-event=\"customEventSPE\" data-fig-domain=\"LEFIGARO\" target=\"_blank\" rel=\"noopener\">emp\u00each\u00e9 d\u2019atterrir en Bulgarie<\/a>\u00a0en raison d\u2019un brouillage du signal GPS. Cette interf\u00e9rence, attribu\u00e9e par les autorit\u00e9s bulgares et la Commission europ\u00e9enne \u00e0 la Russie, a forc\u00e9 l\u2019avion \u00e0 tourner pendant une heure au-dessus de l\u2019a\u00e9roport de Plovdiv, sa destination, avant que le pilote ne finisse par proc\u00e9der \u00e0 un atterrissage manuel guid\u00e9 par les autorit\u00e9s a\u00e9riennes locales. Interrog\u00e9e sur le fait de savoir si la pr\u00e9sidente de la Commission europ\u00e9enne \u00e9tait vis\u00e9e personnellement, une porte-parole de l\u2019institution, Arianna Podesta, a r\u00e9pondu: \u00abIl faudrait demander aux Russes.\u00bb<\/p>\n<p class=\"fig-paragraph\">Alors que Vladimir Poutine \u00e9tait\u00a0<a href=\"http:\/\/www.lefigaro.fr\/international\/en-chine-xi-jinping-et-vladimir-poutine-font-bloc-face-a-donald-trump-20250831\" data-fig-type=\"Article\" data-gtm-custom-categorie=\"navigation\" data-gtm-custom-action=\"crossclick\" data-gtm-custom-label=\"Contextuel\" data-gtm-event=\"customEventSPE\" data-fig-domain=\"LEFIGARO\" target=\"_blank\" rel=\"noopener\">aux c\u00f4t\u00e9s de Xi Jinping, \u00e0 Tianjing<\/a>, en Chine, lundi, pour un sommet aux tonalit\u00e9s antioccidentales, les regards europ\u00e9ens se sont tourn\u00e9s vers lui, m\u00eame si un porte-parole\u2026<\/p>\n<p class=\"fig-premium-paywall__infos\">\n        Cet article est r\u00e9serv\u00e9 aux abonn\u00e9s.        Il vous reste 79% \u00e0 d\u00e9couvrir.\n    <\/p>\n<p>                <img  data- alt=\"Le Figaro\" class=\"fig-img--complete fig-img\"\/><\/p>\n<p class=\"fig-premium-paywall__title\">Vente Flash<\/p>\n<p class=\"fig-premium-paywall__subtitle\">4,99\u20ac par mois pendant 12 mois. Sans engagement<\/p>\n<p class=\"fig-premium-paywall__connect\">\n                D\u00e9j\u00e0 abonn\u00e9\u00a0?                <a class=\"fig-premium-paywall__connect-link\" href=\"https:\/\/connect.lefigaro.fr\/login?client=horizon_web&amp;type=main&amp;redirect_uri=https%3A%2F%2Fwww.lefigaro.fr%2Finternational%2Fpoutine-cible-de-plus-en-plus-directement-l-union-europeenne-20250901\" data-js-gtm=\"{&quot;customCategorie&quot;: &quot;conversion&quot;, &quot;customAction&quot;: &quot;before_Landing_Connexion_paywall_auto&quot;, &quot;customLabel&quot;: &quot;bGVmaWdhcm8uZnJfXzFmMDg3MzViLTRhOTQtNmEwOC05ZTU3LTUzZmU5ZGVkODkzM19fQXJ0aWNsZQ==_Brouillage du GPS de l\u2019avion d\u2019Ursula von der Leyen\u00a0: Poutine cible de plus en plus directement l\u2019Union europ\u00e9enne_203&quot;, &quot;customIDSPE&quot;: &quot;bGVmaWdhcm8uZnJfXzFmMDg3MzViLTRhOTQtNmEwOC05ZTU3LTUzZmU5ZGVkODkzM19fQXJ0aWNsZQ==&quot;, &quot;event&quot;: &quot;customEventSPE&quot;}\" target=\"_blank\" rel=\"noopener\"><br \/>\n                    Connectez-vous<br \/>\n                <\/a>\n            <\/p>\n","protected":false},"excerpt":{"rendered":"ANALYSE &#8211; En brouillant le signal de l\u2019avion d\u2019Ursula von der Leyen pour l\u2019emp\u00eacher d\u2019atterrir, la Russie visait&hellip;\n","protected":false},"author":2,"featured_media":358870,"comment_status":"","ping_status":"","sticky":false,"template":"","format":"standard","meta":{"footnotes":""},"categories":[5],"tags":[11,1011,27,49442,14,12,2544,135,28],"class_list":{"0":"post-358869","1":"post","2":"type-post","3":"status-publish","4":"format-standard","5":"has-post-thumbnail","7":"category-international","8":"tag-actualites","9":"tag-fr","10":"tag-france","11":"tag-guerre-hybride","12":"tag-international","13":"tag-news","14":"tag-ursula-von-der-leyen","15":"tag-vladimir-poutine","16":"tag-world"},"share_on_mastodon":{"url":"https:\/\/pubeurope.com\/@fr\/115130381385905918","error":""},"_links":{"self":[{"href":"https:\/\/www.europesays.com\/fr\/wp-json\/wp\/v2\/posts\/358869","targetHints":{"allow":["GET"]}}],"collection":[{"href":"https:\/\/www.europesays.com\/fr\/wp-json\/wp\/v2\/posts"}],"about":[{"href":"https:\/\/www.europesays.com\/fr\/wp-json\/wp\/v2\/types\/post"}],"author":[{"embeddable":true,"href":"https:\/\/www.europesays.com\/fr\/wp-json\/wp\/v2\/users\/2"}],"replies":[{"embeddable":true,"href":"https:\/\/www.europesays.com\/fr\/wp-json\/wp\/v2\/comments?post=358869"}],"version-history":[{"count":0,"href":"https:\/\/www.europesays.com\/fr\/wp-json\/wp\/v2\/posts\/358869\/revisions"}],"wp:featuredmedia":[{"embeddable":true,"href":"https:\/\/www.europesays.com\/fr\/wp-json\/wp\/v2\/media\/358870"}],"wp:attachment":[{"href":"https:\/\/www.europesays.com\/fr\/wp-json\/wp\/v2\/media?parent=358869"}],"wp:term":[{"taxonomy":"category","embeddable":true,"href":"https:\/\/www.europesays.com\/fr\/wp-json\/wp\/v2\/categories?post=358869"},{"taxonomy":"post_tag","embeddable":true,"href":"https:\/\/www.europesays.com\/fr\/wp-json\/wp\/v2\/tags?post=358869"}],"curies":[{"name":"wp","href":"https:\/\/api.w.org\/{rel}","templated":true}]}}