{"id":358871,"date":"2025-09-01T18:09:10","date_gmt":"2025-09-01T18:09:10","guid":{"rendered":"https:\/\/www.europesays.com\/fr\/358871\/"},"modified":"2025-09-01T18:09:10","modified_gmt":"2025-09-01T18:09:10","slug":"direct-politique-vote-de-confiance-francois-bayrou-recoit-les-chefs-du-parti-communiste-a-matignon-ils-denoncent-le-poison-du-budget-sud-ouest","status":"publish","type":"post","link":"https:\/\/www.europesays.com\/fr\/358871\/","title":{"rendered":"DIRECT POLITIQUE. Vote de confiance : Fran\u00e7ois Bayrou re\u00e7oit les chefs du Parti communiste \u00e0 Matignon, ils d\u00e9noncent le \u201cpoison\u201d du budget &#8211; Sud Ouest"},"content":{"rendered":"<ol>\n<li><a href=\"https:\/\/news.google.com\/rss\/articles\/CBMi9wFBVV95cUxOUDY3WUNtM1BiSnNzWHIwNWlVU21lYW1KN0NwNmdVUWR2QUtvRnhuaWtSemFyTHllWjBXSlA0ZFBrTzNmRWtuM244RUxrMVY4NW5zc0ZQLVY2d1UtaWFoOE1KWm1tS3JsQ1ZjTE1iNjkzVVo4bi03NXNEVTNiQ0hrM0dwNWRpRDMycVZlclZRWDM0dnhXWXRRdkdTbTNicUxMZzYtdjJFREVySnhOeVRYZkFWTTZkMU1jS1d3NFhhckZfZ1Z4OXBjNjJ2ZmxIWmxpZ1JhWXNCdDdoWVN4WnBVUUphd1BSRFZnTTFxWk1JSGRmM3pDdlhZ?oc=5\" target=\"_blank\" rel=\"nofollow noopener\">DIRECT POLITIQUE. Vote de confiance : Fran\u00e7ois Bayrou re\u00e7oit les chefs du Parti communiste \u00e0 Matignon, ils d\u00e9noncent le \u201cpoison\u201d du budget<\/a>&nbsp;&nbsp;Sud Ouest<\/li>\n<li><a href=\"https:\/\/news.google.com\/rss\/articles\/CBMilgJBVV95cUxPWlhFcU1oSDItVERycDhEX2NqY1FoeDRxdXhIR3lzbjFJV2xjdjQ2MU1ybFZWbkFFTFc1ZVBSZDM3LThQaFJUbF80SVpwTDNZQmJFSkNEYlBpX2J2QU1JX1VHa2Zsd1ZFWEdJaHBIaXdPMXBqMXp1WGhpeVZJNXZLX1JiUnJhTmhzREdpOG9YUnFhWFhPQV96S3hnZUk0N056NlJhVUVUdXR3alNkaGhCT0tuNkFValRmaHlZOHVVSzRvS0ttTlFpdl85WHRUYlpkOUhnSnNUdUk4bTJCek85M0FOczY2NGpTeExXU1FtLTBNSnhFY29IZU1RMTlrSWRBV09ZVVN3clB2VzZDT3VnSlZrbmt2UQ?oc=5\" target=\"_blank\" rel=\"nofollow noopener\">Ya\u00ebl Braun-Pivet demande \u00e0 Fran\u00e7ois Bayrou d\u2019\u00ab abandonner \u00bb la suppression des deux jours f\u00e9ri\u00e9s<\/a>&nbsp;&nbsp;Le Monde.fr<\/li>\n<li><a href=\"https:\/\/news.google.com\/rss\/articles\/CBMihAJBVV95cUxOeVJBLTA2Ul9fOU9TQ01iTlN3b1lfTnB4dzFQVFZVWFRvTU84OHYwS1RnOEd1Nk9Pdm9WQldnRXVQTmp2V3k0UmUwU1Q1YUtOdXgzN1FtMEU1UmlaekdIbzVUWjY0c0R0N0p3LXpZY2hldGJjc0RNdzRaZnpkUnpWNnZ0WDRUajZtZ2lCOE5NUU15R1cyWHBmWWtOX3FuMjA1Y2tRNDNqM2h5Tk5tWVN6WDdTQjhkbFZCRVVOTEJaY2ZOb1c2UzhQb2VfNVRsd2lIY2pqUFFCM0w1Snk2T1lLZDhYdF9jaVZpR3hWdmpCSk5OcjJzaGdzWVJnY3dnZGpYR3JuWQ?oc=5\" target=\"_blank\" rel=\"nofollow noopener\">\u00ab Avec nos 49 d\u00e9put\u00e9s, on ne peut pas sauver Bayrou \u00bb : ces d\u00e9put\u00e9s LR qui ne voteront pas la confiance<\/a>&nbsp;&nbsp;Le Parisien<\/li>\n<li><a href=\"https:\/\/news.google.com\/rss\/articles\/CBMimwJBVV95cUxONHQ3NWFGMDFBU2NwQkVxVGZYRlRvX3VKZlpXdUtEU0tNVE42YXllY29DM2h3STlJWXdKVWNBRmpxbkg5ZkJscjFGVWFfeDFXdy1hanNEQ21ZS3FwYnZqSlRkOHhsRVN6Z1gtZmdhUmJycklMYnpIX0VDR1YxQ0ZsRkRZaHpyMk9YTHh5b05XTy15SnVYYnJ4VElYZENEQmczellDX2NTREl3YjYxZ3VGSU1ObXM1RGFiUjBmbVkxeXBnZlNYem84RUtQblY1YmE3SFB3TFZHRmlLVktiSERCWU1lVjE2VmR5dTY4Zk1LOHptNzd3dFBETTVUVzdmay1kcmJSRHAwRlI0VzdmSUF3Q05FSFhqdGQzOG9R?oc=5\" target=\"_blank\" rel=\"nofollow noopener\">\u00ab\u00a0Il se retrouve seul face au bazar\u00a0\u00bb : les options dont disposerait Emmanuel Macron en cas de chute du gouvernement<\/a>&nbsp;&nbsp;TF1 Info<\/li>\n<li><a href=\"https:\/\/news.google.com\/rss\/articles\/CBMi6gFBVV95cUxNbXdjbnROelJwZm1CZjNTM1N5Q1AwbzFnc19qOV9mT2VVWEZFeWl4RmxTTFRIYkQ3R2hjOFFvcE8xZWVnSlpPd051cWFCanBPVWQ1cTNGNF9KekdaSkpVM3BDTTNLOGpCZWtHVEFlckR3b0FjRkNKX0hkdGdqc1luUnl1T2Utd2owRVB2dVBwM3pkS0VDQnBjVWhHVWg0S2ljSXduanhyOElSRTFrUl9pZFZnd2RlWENhODZYMjhocnZVYUVDdS1aRUtCX1lpVjI4dkJ5YWdlSjFJRVVvdmd5aE82OUpwTzZvRnc?oc=5\" target=\"_blank\" rel=\"nofollow noopener\">EN DIRECT &#8211; Vote de confiance : \u00abNotre responsabilit\u00e9 est d\u2019\u00eatre pr\u00eats\u00bb en cas de dissolution, d\u00e9clare Jordan Bardella<\/a>&nbsp;&nbsp;Le Figaro<\/li>\n<\/ol>\n","protected":false},"excerpt":{"rendered":"DIRECT POLITIQUE. Vote de confiance : Fran\u00e7ois Bayrou re\u00e7oit les chefs du Parti communiste \u00e0 Matignon, ils d\u00e9noncent&hellip;\n","protected":false},"author":2,"featured_media":358872,"comment_status":"","ping_status":"","sticky":false,"template":"","format":"standard","meta":{"footnotes":""},"categories":[4],"tags":[11,1011,27,12,25],"class_list":{"0":"post-358871","1":"post","2":"type-post","3":"status-publish","4":"format-standard","5":"has-post-thumbnail","7":"category-france","8":"tag-actualites","9":"tag-fr","10":"tag-france","11":"tag-news","12":"tag-republique-francaise"},"share_on_mastodon":{"url":"https:\/\/pubeurope.com\/@fr\/115130385245475584","error":""},"_links":{"self":[{"href":"https:\/\/www.europesays.com\/fr\/wp-json\/wp\/v2\/posts\/358871","targetHints":{"allow":["GET"]}}],"collection":[{"href":"https:\/\/www.europesays.com\/fr\/wp-json\/wp\/v2\/posts"}],"about":[{"href":"https:\/\/www.europesays.com\/fr\/wp-json\/wp\/v2\/types\/post"}],"author":[{"embeddable":true,"href":"https:\/\/www.europesays.com\/fr\/wp-json\/wp\/v2\/users\/2"}],"replies":[{"embeddable":true,"href":"https:\/\/www.europesays.com\/fr\/wp-json\/wp\/v2\/comments?post=358871"}],"version-history":[{"count":0,"href":"https:\/\/www.europesays.com\/fr\/wp-json\/wp\/v2\/posts\/358871\/revisions"}],"wp:featuredmedia":[{"embeddable":true,"href":"https:\/\/www.europesays.com\/fr\/wp-json\/wp\/v2\/media\/358872"}],"wp:attachment":[{"href":"https:\/\/www.europesays.com\/fr\/wp-json\/wp\/v2\/media?parent=358871"}],"wp:term":[{"taxonomy":"category","embeddable":true,"href":"https:\/\/www.europesays.com\/fr\/wp-json\/wp\/v2\/categories?post=358871"},{"taxonomy":"post_tag","embeddable":true,"href":"https:\/\/www.europesays.com\/fr\/wp-json\/wp\/v2\/tags?post=358871"}],"curies":[{"name":"wp","href":"https:\/\/api.w.org\/{rel}","templated":true}]}}