{"id":358877,"date":"2025-09-01T18:12:18","date_gmt":"2025-09-01T18:12:18","guid":{"rendered":"https:\/\/www.europesays.com\/fr\/358877\/"},"modified":"2025-09-01T18:12:18","modified_gmt":"2025-09-01T18:12:18","slug":"saint-etienne-jazz-au-sommet-dans-les-starting-blocks-avant-dentrer-en-scene","status":"publish","type":"post","link":"https:\/\/www.europesays.com\/fr\/358877\/","title":{"rendered":"Saint-\u00c9tienne. \u2018\u2018Jazz au sommet\u2019\u2019 dans les starting-blocks avant d\u2019entrer en sc\u00e8ne"},"content":{"rendered":"<p>                            1. Un festival \u00e0 la port\u00e9e de tous<\/p>\n<p>Le festival veut, depuis le d\u00e9but \u00ab\u00a0aborder le jazz dans sa dimension populaire originelle\u00a0\u00bb. Car c\u2019est ce qu\u2019il est profond\u00e9ment, une musique sans \u00e2ge ni fronti\u00e8re et aux \u00e9motions palpables par tous. Toutes les g\u00e9n\u00e9rations s\u2019y c\u00f4toient donc, les tarifs sont taill\u00e9s au cordeau et certains concerts sont gratuits.<\/p>\n<p>2. Un cadre grandiose<\/p>\n<p>Le festival est l\u2019occasion de (re) d\u00e9couvrir la beaut\u00e9 du Pilat en se d\u00e9ployant sur plusieurs sites\u00a0: Saint-Genest-Malifaux, Marlhes, Saint-Sauveur-en-Rue, Saint-R\u00e9gis-du-Coin ou le cr\u00eat de Chauss\u00eetre. Ce dernier lieu est&#8230;<\/p>\n","protected":false},"excerpt":{"rendered":"1. Un festival \u00e0 la port\u00e9e de tous Le festival veut, depuis le d\u00e9but \u00ab\u00a0aborder le jazz dans&hellip;\n","protected":false},"author":2,"featured_media":358878,"comment_status":"","ping_status":"","sticky":false,"template":"","format":"standard","meta":{"footnotes":""},"categories":[9653],"tags":[1111,11,2430,1687,7539,1777,674,1011,27,873,12,25,4001,7538],"class_list":{"0":"post-358877","1":"post","2":"type-post","3":"status-publish","4":"format-standard","5":"has-post-thumbnail","7":"category-saint-etienne","8":"tag-actu","9":"tag-actualites","10":"tag-auvergne-rhone-alpes","11":"tag-culture-loisirs","12":"tag-edition-loire-sud","13":"tag-eu","14":"tag-europe","15":"tag-fr","16":"tag-france","17":"tag-musique","18":"tag-news","19":"tag-republique-francaise","20":"tag-saint-etienne","21":"tag-saint-etienne-ville"},"share_on_mastodon":{"url":"https:\/\/pubeurope.com\/@fr\/115130397132322816","error":""},"_links":{"self":[{"href":"https:\/\/www.europesays.com\/fr\/wp-json\/wp\/v2\/posts\/358877","targetHints":{"allow":["GET"]}}],"collection":[{"href":"https:\/\/www.europesays.com\/fr\/wp-json\/wp\/v2\/posts"}],"about":[{"href":"https:\/\/www.europesays.com\/fr\/wp-json\/wp\/v2\/types\/post"}],"author":[{"embeddable":true,"href":"https:\/\/www.europesays.com\/fr\/wp-json\/wp\/v2\/users\/2"}],"replies":[{"embeddable":true,"href":"https:\/\/www.europesays.com\/fr\/wp-json\/wp\/v2\/comments?post=358877"}],"version-history":[{"count":0,"href":"https:\/\/www.europesays.com\/fr\/wp-json\/wp\/v2\/posts\/358877\/revisions"}],"wp:featuredmedia":[{"embeddable":true,"href":"https:\/\/www.europesays.com\/fr\/wp-json\/wp\/v2\/media\/358878"}],"wp:attachment":[{"href":"https:\/\/www.europesays.com\/fr\/wp-json\/wp\/v2\/media?parent=358877"}],"wp:term":[{"taxonomy":"category","embeddable":true,"href":"https:\/\/www.europesays.com\/fr\/wp-json\/wp\/v2\/categories?post=358877"},{"taxonomy":"post_tag","embeddable":true,"href":"https:\/\/www.europesays.com\/fr\/wp-json\/wp\/v2\/tags?post=358877"}],"curies":[{"name":"wp","href":"https:\/\/api.w.org\/{rel}","templated":true}]}}