{"id":358887,"date":"2025-09-01T18:17:13","date_gmt":"2025-09-01T18:17:13","guid":{"rendered":"https:\/\/www.europesays.com\/fr\/358887\/"},"modified":"2025-09-01T18:17:13","modified_gmt":"2025-09-01T18:17:13","slug":"montpellier-une-vingtaine-de-vehicules-vandalises-un-homme-interpelle-en-flagrant-delit","status":"publish","type":"post","link":"https:\/\/www.europesays.com\/fr\/358887\/","title":{"rendered":"Montpellier : une vingtaine de v\u00e9hicules vandalis\u00e9s, un homme interpell\u00e9 en flagrant d\u00e9lit"},"content":{"rendered":"<p>Alert\u00e9e par un t\u00e9moin, la police est intervenue rapidement et a interpell\u00e9 l\u2019individu sur les lieux, en flagrant d\u00e9lit. Il s\u2019en est principalement pris aux r\u00e9troviseurs des voitures. Lors de son arrestation, l\u2019homme, en \u00e9tat d\u2019\u00e9bri\u00e9t\u00e9 avanc\u00e9 (il a d\u00e9clar\u00e9 avoir bu du vin et du rhum), s\u2019est montr\u00e9 agit\u00e9 et a tent\u00e9 de porter un coup de poing \u00e0 un fonctionnaire lors de sa mise en garde \u00e0 vue.<\/p>\n","protected":false},"excerpt":{"rendered":"Alert\u00e9e par un t\u00e9moin, la police est intervenue rapidement et a interpell\u00e9 l\u2019individu sur les lieux, en flagrant&hellip;\n","protected":false},"author":2,"featured_media":350336,"comment_status":"","ping_status":"","sticky":false,"template":"","format":"standard","meta":{"footnotes":""},"categories":[9599],"tags":[1111,11,1777,674,1011,27,2208,12,2680,25],"class_list":{"0":"post-358887","1":"post","2":"type-post","3":"status-publish","4":"format-standard","5":"has-post-thumbnail","7":"category-montpellier","8":"tag-actu","9":"tag-actualites","10":"tag-eu","11":"tag-europe","12":"tag-fr","13":"tag-france","14":"tag-montpellier","15":"tag-news","16":"tag-occitanie","17":"tag-republique-francaise"},"share_on_mastodon":{"url":"https:\/\/pubeurope.com\/@fr\/115130416852610058","error":""},"_links":{"self":[{"href":"https:\/\/www.europesays.com\/fr\/wp-json\/wp\/v2\/posts\/358887","targetHints":{"allow":["GET"]}}],"collection":[{"href":"https:\/\/www.europesays.com\/fr\/wp-json\/wp\/v2\/posts"}],"about":[{"href":"https:\/\/www.europesays.com\/fr\/wp-json\/wp\/v2\/types\/post"}],"author":[{"embeddable":true,"href":"https:\/\/www.europesays.com\/fr\/wp-json\/wp\/v2\/users\/2"}],"replies":[{"embeddable":true,"href":"https:\/\/www.europesays.com\/fr\/wp-json\/wp\/v2\/comments?post=358887"}],"version-history":[{"count":0,"href":"https:\/\/www.europesays.com\/fr\/wp-json\/wp\/v2\/posts\/358887\/revisions"}],"wp:featuredmedia":[{"embeddable":true,"href":"https:\/\/www.europesays.com\/fr\/wp-json\/wp\/v2\/media\/350336"}],"wp:attachment":[{"href":"https:\/\/www.europesays.com\/fr\/wp-json\/wp\/v2\/media?parent=358887"}],"wp:term":[{"taxonomy":"category","embeddable":true,"href":"https:\/\/www.europesays.com\/fr\/wp-json\/wp\/v2\/categories?post=358887"},{"taxonomy":"post_tag","embeddable":true,"href":"https:\/\/www.europesays.com\/fr\/wp-json\/wp\/v2\/tags?post=358887"}],"curies":[{"name":"wp","href":"https:\/\/api.w.org\/{rel}","templated":true}]}}