{"id":358896,"date":"2025-09-01T18:24:11","date_gmt":"2025-09-01T18:24:11","guid":{"rendered":"https:\/\/www.europesays.com\/fr\/358896\/"},"modified":"2025-09-01T18:24:11","modified_gmt":"2025-09-01T18:24:11","slug":"a-rennes-deux-enfants-sans-abri-affrontent-la-rentree-scolaire","status":"publish","type":"post","link":"https:\/\/www.europesays.com\/fr\/358896\/","title":{"rendered":"\u00e0 Rennes, deux enfants sans-abri affrontent la rentr\u00e9e scolaire"},"content":{"rendered":"<p>            Par<br \/>\n        <strong><br \/>\n            <a href=\"https:\/\/actu.fr\/auteur\/raphael-lardeur\" title=\"Consulter tous les articles de Rapha\u00ebl Lardeur\" target=\"_blank\" rel=\"noopener\">Rapha\u00ebl Lardeur<\/a><br \/>\n        <\/strong><\/p>\n<p>        Publi\u00e9 le<\/p>\n<p>            1 sept. 2025 \u00e0 17h47        <\/p>\n<p>Avec leur cartable sur le dos, leur sourire aux l\u00e8vres et un style vestimentaire soign\u00e9 pour la rentr\u00e9e des classes de ce lundi 1\u1d49\u02b3\u00a0septembre 2025, impossible de croire qu\u2019ils dorment sous une tente. Pourtant, Ma\u00e8lys, 6\u00a0ans, et Franklin, 8\u00a0ans, campent au parc Maurepas \u00e0 Rennes (<a href=\"https:\/\/actu.fr\/bretagne\/ille-et-vilaine_35\" target=\"_blank\" rel=\"noopener\">Ille-et-Vilaine<\/a>).<\/p>\n<p>    <a href=\"https:\/\/playerbeta.octopus.saooti.com\/miniplayer\/default\/1691490?distributorId=6cc88bd2-a01b-4bf0-9bc4-949dec682133&amp;color=30A1EF&amp;theme=ffffff&amp;wave=false\" title=\"Ouvrie le lien\" target=\"_blank\" rel=\"noopener\">Cliquez ici pour visualiser le contenu<\/a><\/p>\n<p class=\" wall-content\">Dans ce nouvel \u00e9pisode du podcast, \u00ab\u2009Les gens du coin\u2009\u00bb, Jussy, leur m\u00e8re, t\u00e9moigne au micro d\u2019<a href=\"https:\/\/actu.fr\/\" target=\"_blank\" rel=\"noopener\">actu.fr<\/a> pour parler de la situation de ses enfants. Scolaris\u00e9s en CE1 et CM2 et sans abri.<\/p>\n<p>Une nuit \u00e0 la rue<\/p>\n<p class=\" wall-content\">Outre leurs t\u00e9moignages, Ma\u00e8lys et Franklin sont-ils deux destins isol\u00e9s\u2009? Selon l\u2019UNICEF France et la F\u00e9d\u00e9ration des acteurs de la solidarit\u00e9 (FAS), non. La veille de la rentr\u00e9e, 2\u2009159\u00a0enfants, dont 503 de moins de 3\u00a0ans, sont rest\u00e9s sans solution d\u2019h\u00e9bergement apr\u00e8s un appel au 115, <a href=\"https:\/\/www.unicef.fr\/article\/2-159-enfants-ont-passe-la-nuit-a-la-rue-avant-la-rentree-scolaire\/\" target=\"_blank\" rel=\"noopener\">indique leur barom\u00e8tre<\/a>.<\/p>\n<p class=\" wall-content\">Et, \u00ab\u2009la situation s\u2019aggrave ann\u00e9e apr\u00e8s ann\u00e9e\u2009\u00bb. C\u2019est +\u00a06\u2009% par rapport \u00e0 2024 et +\u00a030\u2009% compar\u00e9 \u00e0 l\u2019ann\u00e9e 2022. Le barom\u00e8tre s\u2019indigne aussi d\u2019une crise plus globale dont Jussy a fait les frais.<\/p>\n<p>Enfant et scolarit\u00e9 : que dit la loi ?<\/p>\n<p>Constitution de 1958, Code de l&rsquo;\u00e9ducation ou encore Code p\u00e9nal\u2026 De nombreux textes organisent, r\u00e9glementent ou encadrent le principe d&rsquo;obligation d&rsquo;instruction. Une obligation qui s&rsquo;applique \u00e0 tous les enfants fran\u00e7ais et \u00e9trangers, \u00e2g\u00e9s de 3 \u00e0 16 ans, r\u00e9sidant en France.<\/p>\n<p>L\u2019attente, l\u2019attente, l\u2019attente<\/p>\n<p class=\" wall-content\">Depuis le Congo, la maman en a fait du chemin. C\u2019\u00e9tait il y a 16 ans. C\u2019\u00e9tait il y a longtemps. La force de travail comme seul viatique. La d\u00e9termination en bandouli\u00e8re.<\/p>\n<p>Votre r\u00e9gion, votre actu !<\/p>\n<p>Recevez chaque jour les infos qui comptent pour vous.<\/p>\n<p>\t<a href=\"https:\/\/actu.fr\/newsletter\" class=\"ac-btn ac-btn--corner ac-btn--medium ac-btn--blue800\" target=\"_blank\" rel=\"noopener\">S&rsquo;incrire<\/a><\/p>\n<p class=\" wall-content\">Jussy encha\u00eene les gal\u00e8res, les logements insalubres, les peines et les doutes. Deux fiert\u00e9s viennent aur\u00e9oler son monde\u2009: Franklin et Ma\u00e8lys. N\u00e9 dans un squat, le premier a saut\u00e9 une classe.<\/p>\n<blockquote class=\"ac-article-quote wall-content\">\n<p>Il est tr\u00e8s bon \u00e0 l&rsquo;\u00e9cole. Franklin adore lire.<\/p>\n<p>    <strong>Jussy<\/strong><br \/>\n        La m\u00e8re de Franklin    <\/p><\/blockquote>\n<p class=\" wall-content\">La seconde serait aussi dou\u00e9e que son fr\u00e8re. \u00ab\u2009Elle lit les m\u00eames bandes dessin\u00e9es que lui.\u2009\u00bb<\/p>\n<p class=\" wall-content\">Sur une table de pique-nique, des magazines J\u2019aime lire. Derri\u00e8re, une tente rafistol\u00e9e avec le n\u00e9cessaire pour survivre. \u00ab\u2009Pour se laver, c\u2019est \u00e0 l\u2019eau froide.\u2009\u00bb Rudimentaire. \u00c0 l\u2019instar des toilettes. Elles ne sont que deux pour environ 320\u00a0personnes.<\/p>\n<p class=\" wall-content\">\u00ab\u2009Tout ce que je souhaite, c\u2019est apprendre\u2009\u00bb, coupe Franklin, sous l\u2019\u0153il impuissant de sa m\u00e8re. \u00ab\u2009Le soir, j\u2019ai peur et j\u2019ai froid.\u2009\u00bb<\/p>\n<p>Un camp, au milieu de Rennes<\/p>\n<p class=\" wall-content\">D\u00e9but avril 2025, des centaines de personnes sont expuls\u00e9es du gymnase F\u00e9lix-Masson. <a href=\"https:\/\/actu.fr\/bretagne\/rennes_35238\/on-se-prepare-a-partir-les-occupants-du-gymnase-felix-masson-dans-l-attente-d-une-evacuation_62426163.html\" target=\"_blank\" rel=\"noopener\">actu Rennes s\u2019en \u00e9tait fait l\u2019\u00e9cho<\/a>. Ces m\u00eames personnes ont \u00e9t\u00e9 install\u00e9es par des associations sur les pelouses du parc de Maurepas, dans le quartier Jeanne d\u2019Arc.<\/p>\n<p class=\" wall-content\">Depuis, le camp s\u2019est \u00e9tendu. Ils seraient donc aujourd\u2019hui \u00ab\u00a0dans les 320\u00a0\u00bb, avance Fabien Touchard, coordinateur de l\u2019association <a href=\"https:\/\/utopia56.org\/\" target=\"_blank\" rel=\"noopener\">Utopia 56<\/a> \u00e0 Rennes. Avec toujours cette rengaine.<\/p>\n<blockquote class=\"ac-article-quote wall-content\">\n<p>Des personnes priv\u00e9es de leur droit \u00e0 l&rsquo;h\u00e9bergement. Il n&rsquo;y a pas assez de places.<\/p>\n<p>    <strong>Fabien Touchard<\/strong><br \/>\n        Coordinateur d&rsquo;Utopia 56 \u00e0 Rennes    <\/p><\/blockquote>\n<p class=\" wall-content\">Maigre r\u00e9compense, la Ville de Rennes a fourni de l\u2019eau potable et des sanitaires. \u00ab\u2009Le minimum pour vivre\u2009\u00bb, commente le salari\u00e9. Pour l\u2019h\u00e9bergement, \u00ab\u2009c\u2019est une comp\u00e9tence exclusive de l\u2019\u00c9tat\u2009\u00bb, r\u00e9pond toujours la Ville, <a href=\"https:\/\/actu.fr\/bretagne\/rennes_35238\/on-manque-clairement-de-moyens-et-de-ressources-a-rennes-un-camp-de-migrants-proche-de-l-asphyxie_62966214.html\" target=\"_blank\" rel=\"noopener\">dans les colonnes d\u2019actu Rennes<\/a>.<\/p>\n<p>Disponible gratuitement sur toutes les plateformes<\/p>\n<p class=\" wall-content\">Vous pouvez \u00e9galement retrouver cet \u00e9pisode sur vos plateformes de streaming audio pr\u00e9f\u00e9r\u00e9es, ci-dessous\u2009:<\/p>\n<p class=\" wall-content\">Bonne \u00e9coute\u2009!<\/p>\n<p class=\" wall-content\">Retrouvez \u00e9galement ici <strong>tous les \u00e9pisodes du podcast <a href=\"https:\/\/playerbeta.octopus.saooti.com\/miniplayer\/emission\/11208\/3?distributorId=6cc88bd2-a01b-4bf0-9bc4-949dec682133&amp;color=30A1EF&amp;theme=ffffff&amp;wave=false\" target=\"_blank\" rel=\"noopener\">Les gens du coin<\/a><\/strong>.<\/p>\n<p class=\" wall-content\">Personnalisez votre actualit\u00e9 en ajoutant vos villes et m\u00e9dias en favori avec <a href=\"https:\/\/moncompte.actu.fr\" title=\"D\u00e9couvez Mon Actu\" rel=\"nofollow noopener\" data-trk=\"{&quot;cta&quot;:{&quot;action&quot;:&quot;https:\\\/\\\/moncompte.actu.fr&quot;,&quot;category&quot;:&quot;mon compte&quot;,&quot;from&quot;:&quot;article footer&quot;,&quot;name&quot;:&quot;Mon actu&quot;,&quot;type&quot;:&quot;cta&quot;}}\" target=\"_blank\">Mon Actu<\/a>.<\/p>\n","protected":false},"excerpt":{"rendered":"Par Rapha\u00ebl Lardeur Publi\u00e9 le 1 sept. 2025 \u00e0 17h47 Avec leur cartable sur le dos, leur sourire&hellip;\n","protected":false},"author":2,"featured_media":358897,"comment_status":"","ping_status":"","sticky":false,"template":"","format":"standard","meta":{"footnotes":""},"categories":[2821],"tags":[1111,11,829,1719,1777,674,1011,27,12,3725,584,10918,25,104],"class_list":{"0":"post-358896","1":"post","2":"type-post","3":"status-publish","4":"format-standard","5":"has-post-thumbnail","7":"category-rennes","8":"tag-actu","9":"tag-actualites","10":"tag-bretagne","11":"tag-enfants","12":"tag-eu","13":"tag-europe","14":"tag-fr","15":"tag-france","16":"tag-news","17":"tag-podcast","18":"tag-rennes","19":"tag-rentree-scolaire","20":"tag-republique-francaise","21":"tag-societe"},"share_on_mastodon":{"url":"https:\/\/pubeurope.com\/@fr\/115130444330047959","error":""},"_links":{"self":[{"href":"https:\/\/www.europesays.com\/fr\/wp-json\/wp\/v2\/posts\/358896","targetHints":{"allow":["GET"]}}],"collection":[{"href":"https:\/\/www.europesays.com\/fr\/wp-json\/wp\/v2\/posts"}],"about":[{"href":"https:\/\/www.europesays.com\/fr\/wp-json\/wp\/v2\/types\/post"}],"author":[{"embeddable":true,"href":"https:\/\/www.europesays.com\/fr\/wp-json\/wp\/v2\/users\/2"}],"replies":[{"embeddable":true,"href":"https:\/\/www.europesays.com\/fr\/wp-json\/wp\/v2\/comments?post=358896"}],"version-history":[{"count":0,"href":"https:\/\/www.europesays.com\/fr\/wp-json\/wp\/v2\/posts\/358896\/revisions"}],"wp:featuredmedia":[{"embeddable":true,"href":"https:\/\/www.europesays.com\/fr\/wp-json\/wp\/v2\/media\/358897"}],"wp:attachment":[{"href":"https:\/\/www.europesays.com\/fr\/wp-json\/wp\/v2\/media?parent=358896"}],"wp:term":[{"taxonomy":"category","embeddable":true,"href":"https:\/\/www.europesays.com\/fr\/wp-json\/wp\/v2\/categories?post=358896"},{"taxonomy":"post_tag","embeddable":true,"href":"https:\/\/www.europesays.com\/fr\/wp-json\/wp\/v2\/tags?post=358896"}],"curies":[{"name":"wp","href":"https:\/\/api.w.org\/{rel}","templated":true}]}}