{"id":358898,"date":"2025-09-01T18:25:13","date_gmt":"2025-09-01T18:25:13","guid":{"rendered":"https:\/\/www.europesays.com\/fr\/358898\/"},"modified":"2025-09-01T18:25:13","modified_gmt":"2025-09-01T18:25:13","slug":"accord-total-rennes-monaco-pour-breel-embolo","status":"publish","type":"post","link":"https:\/\/www.europesays.com\/fr\/358898\/","title":{"rendered":"Accord total Rennes &#8211; Monaco pour Breel Embolo"},"content":{"rendered":"<p>Le Stade Rennais a enfin trouv\u00e9 son bonheur. Pour pallier le d\u00e9part d\u2019Arnaud Kalimuendo \u00e0 Nottingham Forest, et \u00e0 moindre \u00e9chelle celui de Kyogo Furuhashi \u00e0 Birmingham, le club breton <a href=\"https:\/\/www.footmercato.net\/a35901807207734337-esteban-lepaul-signe-au-stade-rennais\" rel=\"nofollow noopener\" target=\"_blank\">s\u2019est offert Est\u00e9ban Lepaul<\/a> cette semaine pour un montant de 13,5 millions d\u2019euros, plus 1,5 de bonus. Mais pour \u00e9pauler le jeune Mohamed Kader Me\u00eft\u00e9, Habib Beye avait exprim\u00e9 son souhait de voir un autre \u00e9l\u00e9ment offensif d\u00e9barquer.<\/p>\n<p>            La suite apr\u00e8s cette publicit\u00e9<\/p>\n<p>Il a longtemps \u00e9t\u00e9 question de Conrad Harder, pour qui <a href=\"https:\/\/www.footmercato.net\/club\/stade-rennais-fc\/\" rel=\"nofollow noopener\" target=\"_blank\">Rennes<\/a> a fait des pieds et des mains, mais l\u2019attaquant danois de 20 ans aurait finalement utilis\u00e9 le club breton comme variable d\u2019ajustement, et il est d\u00e9sormais sur le point de rejoindre le RB Leipzig. Lucas Stassin a longtemps \u00e9t\u00e9 identifi\u00e9 comme une piste plus que cr\u00e9dible, le Belge ayant les faveurs de Beye, mais la position st\u00e9phanoise, inflexible, et le tarif fix\u00e9, prohibitif (au moins 20 M\u20ac), ne facilitent pas la tache \u00e0 Rennes.<\/p>\n<p>            La suite apr\u00e8s cette publicit\u00e9<\/p>\n<p>        Embolo va conna\u00eetre sa deuxi\u00e8me exp\u00e9rience en France<\/p>\n<p>Nous vous informions ces derniers jours que la piste <a href=\"https:\/\/www.footmercato.net\/joueur\/breel-embolo\/\" rel=\"nofollow noopener\" target=\"_blank\">Breel Embolo<\/a> <a href=\"https:\/\/www.footmercato.net\/a299032897514252968-monaco-rennes-pousse-pour-breel-embolo\" rel=\"nofollow noopener\" target=\"_blank\">avait alors fait surface<\/a>, la situation du Suisse demeurant plus qu\u2019incertaine du c\u00f4t\u00e9 de <a href=\"https:\/\/www.footmercato.net\/club\/as-monaco\/\" rel=\"nofollow noopener\" target=\"_blank\">Monaco<\/a>. S\u2019il attendait patiemment une offre du Golfe, l\u2019ancien joueur du FC B\u00e2le va finalement bien rester en France, mais en s\u2019exportant du c\u00f4t\u00e9 de la Bretagne. D\u2019apr\u00e8s nos informations, un accord total a \u00e9t\u00e9 trouv\u00e9 pour le transfert du joueur de 28 ans au SRFC.<\/p>\n<p>Connaissant bien la <a href=\"https:\/\/www.footmercato.net\/france\/ligue-1\/\" rel=\"nofollow noopener\" target=\"_blank\">Ligue 1<\/a> pour y avoir \u00e9volu\u00e9 lors des trois derni\u00e8res saisons, Embolo a pu \u00e9changer avec Habib Beye et Lo\u00efc D\u00e9sir\u00e9 dans ce sprint final du mercato. Ces derniers ont su tirer sur la corde sensible pour le convaincre d\u2019adh\u00e9rer au projet breton. \u00c0 un an de la Coupe du Monde avec la Suisse, Embolo va aussi pouvoir s\u2019offrir un joli de coup de pub aux yeux du s\u00e9lectionneur Murat Yakin, pour esp\u00e9rer \u00eatre de la partie.<\/p>\n<p>\n    Pub. le 01\/09\/2025 19:41<br \/>\n            &#8211; MAJ le 01\/09\/2025 20:03\n    <\/p>\n","protected":false},"excerpt":{"rendered":"Le Stade Rennais a enfin trouv\u00e9 son bonheur. Pour pallier le d\u00e9part d\u2019Arnaud Kalimuendo \u00e0 Nottingham Forest, et&hellip;\n","protected":false},"author":2,"featured_media":358138,"comment_status":"","ping_status":"","sticky":false,"template":"","format":"standard","meta":{"footnotes":""},"categories":[2821],"tags":[1111,11,829,1777,674,1011,27,12,584,25],"class_list":{"0":"post-358898","1":"post","2":"type-post","3":"status-publish","4":"format-standard","5":"has-post-thumbnail","7":"category-rennes","8":"tag-actu","9":"tag-actualites","10":"tag-bretagne","11":"tag-eu","12":"tag-europe","13":"tag-fr","14":"tag-france","15":"tag-news","16":"tag-rennes","17":"tag-republique-francaise"},"share_on_mastodon":{"url":"https:\/\/pubeurope.com\/@fr\/115130448257978241","error":""},"_links":{"self":[{"href":"https:\/\/www.europesays.com\/fr\/wp-json\/wp\/v2\/posts\/358898","targetHints":{"allow":["GET"]}}],"collection":[{"href":"https:\/\/www.europesays.com\/fr\/wp-json\/wp\/v2\/posts"}],"about":[{"href":"https:\/\/www.europesays.com\/fr\/wp-json\/wp\/v2\/types\/post"}],"author":[{"embeddable":true,"href":"https:\/\/www.europesays.com\/fr\/wp-json\/wp\/v2\/users\/2"}],"replies":[{"embeddable":true,"href":"https:\/\/www.europesays.com\/fr\/wp-json\/wp\/v2\/comments?post=358898"}],"version-history":[{"count":0,"href":"https:\/\/www.europesays.com\/fr\/wp-json\/wp\/v2\/posts\/358898\/revisions"}],"wp:featuredmedia":[{"embeddable":true,"href":"https:\/\/www.europesays.com\/fr\/wp-json\/wp\/v2\/media\/358138"}],"wp:attachment":[{"href":"https:\/\/www.europesays.com\/fr\/wp-json\/wp\/v2\/media?parent=358898"}],"wp:term":[{"taxonomy":"category","embeddable":true,"href":"https:\/\/www.europesays.com\/fr\/wp-json\/wp\/v2\/categories?post=358898"},{"taxonomy":"post_tag","embeddable":true,"href":"https:\/\/www.europesays.com\/fr\/wp-json\/wp\/v2\/tags?post=358898"}],"curies":[{"name":"wp","href":"https:\/\/api.w.org\/{rel}","templated":true}]}}