{"id":358899,"date":"2025-09-01T18:26:11","date_gmt":"2025-09-01T18:26:11","guid":{"rendered":"https:\/\/www.europesays.com\/fr\/358899\/"},"modified":"2025-09-01T18:26:11","modified_gmt":"2025-09-01T18:26:11","slug":"strasbourg-plus-de-23-000-eleves-ont-fait-leur-rentree-scolaire-dans-les-116-etablissements-de-la-ville","status":"publish","type":"post","link":"https:\/\/www.europesays.com\/fr\/358899\/","title":{"rendered":"Strasbourg. Plus de 23\u00a0000 \u00e9l\u00e8ves ont fait leur rentr\u00e9e scolaire dans les 116 \u00e9tablissements de la ville"},"content":{"rendered":"<p>                            116 \u00e9tablissements et 23\u00a0805 \u00e9l\u00e8ves<\/p>\n<p>Ce 1 er \u00a0septembre, 116 \u00e9tablissements scolaires (48 maternelles, 42 \u00e9l\u00e9mentaires et 13 \u00e9coles primaires) ont fait leur rentr\u00e9e \u00e0 Strasbourg. Cette ann\u00e9e, on y compte 23\u00a0805 \u00e9l\u00e8ves, dont 9\u00a0801 sont scolaris\u00e9s dans l\u2019une des 63 \u00e9coles en QPV (Quartier prioritaire de la politique de la ville).<\/p>\n<p>489 d\u2019entre eux b\u00e9n\u00e9ficient de l\u2019aide d\u2019un AESH (Accompagnant d\u2019\u00e9l\u00e8ves en situation de handicap) et 373 ont \u00e9t\u00e9 accueillis dans les 34 <a href=\"https:\/\/www.dna.fr\/education\/2025\/08\/28\/petition-et-lettre-a-brigitte-macron-pour-que-leur-enfant-handicapee-soit-affectee-en-ulis\" target=\"_blank\" rel=\"noopener\">classes Ulis (Unit\u00e9s localis\u00e9es pour l\u2019inclusion scolaire) du territoire<\/a>.<\/p>\n<p>Une Atsem par classe pour la rentr\u00e9e<\/p>\n<p>Comme la municipalit\u00e9 s\u2019y \u00e9tait engag\u00e9e, il y aura bien une <a href=\"https:\/\/www.dna.fr\/education\/2023\/06\/14\/ca-gronde-chez-les-atsem\" target=\"_blank\" rel=\"noopener\"> Atsem (Agent territorial sp\u00e9cialis\u00e9 des \u00e9coles maternelles)<\/a> par classe pour cette rentr\u00e9e, soit 404 au total. 71 postes ont \u00e9t\u00e9 cr\u00e9\u00e9s pendant ce mandat.<\/p>\n<p>57\u00a0millions de budget<\/p>\n<p>Le budget primitif 2025 d\u00e9di\u00e9 \u00e0 la politique \u00e9ducative (hors frais de personnel) s\u2019\u00e9l\u00e8ve \u00e0 57\u00a0millions d\u2019euros, dont&#8230;<\/p>\n","protected":false},"excerpt":{"rendered":"116 \u00e9tablissements et 23\u00a0805 \u00e9l\u00e8ves Ce 1 er \u00a0septembre, 116 \u00e9tablissements scolaires (48 maternelles, 42 \u00e9l\u00e9mentaires et 13&hellip;\n","protected":false},"author":2,"featured_media":358900,"comment_status":"","ping_status":"","sticky":false,"template":"","format":"standard","meta":{"footnotes":""},"categories":[2820],"tags":[1111,11,3599,2880,1057,1777,674,107,1011,27,775,10425,12,25,640,2879],"class_list":{"0":"post-358899","1":"post","2":"type-post","3":"status-publish","4":"format-standard","5":"has-post-thumbnail","7":"category-strasbourg","8":"tag-actu","9":"tag-actualites","10":"tag-college-lycee","11":"tag-edition-strasbourg","12":"tag-education","13":"tag-eu","14":"tag-europe","15":"tag-fil-info","16":"tag-fr","17":"tag-france","18":"tag-grand-est","19":"tag-maternelle-elementaire","20":"tag-news","21":"tag-republique-francaise","22":"tag-strasbourg","23":"tag-strasbourg-ville"},"share_on_mastodon":{"url":"https:\/\/pubeurope.com\/@fr\/115130452210134526","error":""},"_links":{"self":[{"href":"https:\/\/www.europesays.com\/fr\/wp-json\/wp\/v2\/posts\/358899","targetHints":{"allow":["GET"]}}],"collection":[{"href":"https:\/\/www.europesays.com\/fr\/wp-json\/wp\/v2\/posts"}],"about":[{"href":"https:\/\/www.europesays.com\/fr\/wp-json\/wp\/v2\/types\/post"}],"author":[{"embeddable":true,"href":"https:\/\/www.europesays.com\/fr\/wp-json\/wp\/v2\/users\/2"}],"replies":[{"embeddable":true,"href":"https:\/\/www.europesays.com\/fr\/wp-json\/wp\/v2\/comments?post=358899"}],"version-history":[{"count":0,"href":"https:\/\/www.europesays.com\/fr\/wp-json\/wp\/v2\/posts\/358899\/revisions"}],"wp:featuredmedia":[{"embeddable":true,"href":"https:\/\/www.europesays.com\/fr\/wp-json\/wp\/v2\/media\/358900"}],"wp:attachment":[{"href":"https:\/\/www.europesays.com\/fr\/wp-json\/wp\/v2\/media?parent=358899"}],"wp:term":[{"taxonomy":"category","embeddable":true,"href":"https:\/\/www.europesays.com\/fr\/wp-json\/wp\/v2\/categories?post=358899"},{"taxonomy":"post_tag","embeddable":true,"href":"https:\/\/www.europesays.com\/fr\/wp-json\/wp\/v2\/tags?post=358899"}],"curies":[{"name":"wp","href":"https:\/\/api.w.org\/{rel}","templated":true}]}}