{"id":358911,"date":"2025-09-01T18:32:22","date_gmt":"2025-09-01T18:32:22","guid":{"rendered":"https:\/\/www.europesays.com\/fr\/358911\/"},"modified":"2025-09-01T18:32:22","modified_gmt":"2025-09-01T18:32:22","slug":"1ere-edition-du-green-paradize-festival","status":"publish","type":"post","link":"https:\/\/www.europesays.com\/fr\/358911\/","title":{"rendered":"1\u00e8re \u00e9dition du Green Paradize festival"},"content":{"rendered":"\n<p>Article sponsoris\u00e9 par Green Paradize.<\/p>\n<p><strong>Du 3 au 5 octobre 2025, le Parc de Mussonville \u00e0 B\u00e8gles accueillera la toute premi\u00e8re \u00e9dition du Green Paradize Festival. Au programme : des concerts en plein air et une ambiance conviviale. Avec Mezerg, The Blaze, Odezenne, Zoufris Maracas, Deluxe, kompromat, ko Ko Mo, <strong>Keziah <\/strong>Jones, <strong>Altin G<\/strong>\u00dcN ou encore une carte blanche au collectif Bordeaux Open Air, l\u2019\u00e9v\u00e9nement promet de faire vibrer le sud de Bordeaux tout un week-end. La billetterie est d\u00e9j\u00e0 en ligne. Bref, Green Paradize, c\u2019est le festival \u00e0 B\u00e8gles \u00e0 ne pas louper cette rentr\u00e9e.<\/strong><\/p>\n<p> Un nouveau festival \u00e0 B\u00e8gles <img loading=\"lazy\" width=\"699\" height=\"366\" alt=\"Green Paradize festival \u00e0 B\u00e8gles\" title=\"La 1\u02b3\u1d49 \u00e9dition du Green Paradize aura lieu au Parc de Mussonville ! 1\"  nitro-lazy- nitro-lazy-src=\"https:\/\/cdn-ilbobfj.nitrocdn.com\/LLQyioEDmPooSUeshdcABKPnDEWJyTwh\/assets\/images\/optimized\/rev-fefab80\/quoifaireabordeaux.com\/wp-content\/uploads\/2025\/08\/green-paradize-festival.png\" class=\"wp-image-18810606 nitro-lazy\" decoding=\"async\" nitro-lazy-empty=\"\" id=\"NDUyOjU2OQ==-1\" src=\"data:image\/svg+xml;nitro-empty-id=NDUyOjU2OQ==-1;base64,PHN2ZyB2aWV3Qm94PSIwIDAgNjk5IDM2NiIgd2lkdGg9IjY5OSIgaGVpZ2h0PSIzNjYiIHhtbG5zPSJodHRwOi8vd3d3LnczLm9yZy8yMDAwL3N2ZyI+PC9zdmc+\"\/> <\/p>\n<p>Installer un festival dans un parc arbor\u00e9 de B\u00e8gles, \u00e0 quelques arr\u00eats de tram de Bordeaux, fallait y penser. C\u2019est pourtant le pari du <a href=\"https:\/\/greenparadizefestival.com\/\" target=\"_blank\" rel=\"noreferrer noopener nofollow\">Green Paradize Festival<\/a>. Un \u00e9v\u00e9nement pens\u00e9 pour les <strong>amateurs de musique<\/strong> et de <strong>live en plein air<\/strong>, mais aussi pour celles et ceux qui veulent consommer la culture autrement. Ici, on vient \u00e0 pied, en tram ou \u00e0 v\u00e9lo, on boit un verre en \u00e9cocup et on danse sous les arbres, en toute tranquillit\u00e9.<\/p>\n<p>Ce qui frappe d\u00e8s le d\u00e9part, c\u2019est la coh\u00e9rence du projet. Une <strong>programmation<\/strong> <strong>solide<\/strong> et un lieu adapt\u00e9 \u00e0 l\u2019ambiance recherch\u00e9e. <strong>Le parc de Mussonville<\/strong> devient ainsi une sc\u00e8ne \u00e0 ciel ouvert o\u00f9 nature et culture cohabitent joyeusement.<\/p>\n<p> La programmation : <\/p>\n<p>Pour une premi\u00e8re \u00e9dition, <strong>Green Paradize<\/strong> frappe fort. La <strong>programmation<\/strong> est \u00e9quilibr\u00e9e entre t\u00eates d\u2019affiche \u00e9lectro et groupes plus hybrides, entre gros son et groove planant. On retrouve notamment :<\/p>\n<ul class=\"wp-block-list\">\n<li><strong>MEZERG<\/strong> : L\u2019architecte sonore Mezerg fusionne piano, \u00e9lectro et th\u00e9r\u00e9mine pour cr\u00e9er des boucles hypnotiques. Virtuose du piano \u201cboom boom\u201d, il transforme ses instruments en machines \u00e0 danser, avec une technique bluffante et une \u00e9nergie sc\u00e9nique qui embarque tout le monde.<\/li>\n<\/ul>\n<p> <img loading=\"lazy\" width=\"700\" height=\"700\" alt=\"Programmation Green Festival au Parc de Mussonville\" title=\"La 1\u02b3\u1d49 \u00e9dition du Green Paradize aura lieu au Parc de Mussonville ! 2\"  nitro-lazy- nitro-lazy-src=\"https:\/\/cdn-ilbobfj.nitrocdn.com\/LLQyioEDmPooSUeshdcABKPnDEWJyTwh\/assets\/images\/optimized\/rev-fefab80\/quoifaireabordeaux.com\/wp-content\/uploads\/2025\/08\/programmation-green-paradize.jpg\" class=\"wp-image-18810607 nitro-lazy\" decoding=\"async\" nitro-lazy-empty=\"\" id=\"NDc4OjkzMQ==-1\" src=\"data:image\/svg+xml;nitro-empty-id=NDc4OjkzMQ==-1;base64,PHN2ZyB2aWV3Qm94PSIwIDAgNzAwIDcwMCIgd2lkdGg9IjcwMCIgaGVpZ2h0PSI3MDAiIHhtbG5zPSJodHRwOi8vd3d3LnczLm9yZy8yMDAwL3N2ZyI+PC9zdmc+\"\/> <\/p>\n<ul class=\"wp-block-list\">\n<li><strong>KOMPROMAT<\/strong> : Vitalic et Rebeka Warrior fusionnent dans une collision magn\u00e9tique, livrant une techno brute et habit\u00e9e, teint\u00e9e de cold wave, d\u2019indus et de punk \u00e9lectronique. Leur son, chant\u00e9 en allemand ou en fran\u00e7ais, est frontal, visc\u00e9ral, et port\u00e9 par un souffle quasi mystique.<\/li>\n<li><strong>DELUXE<\/strong>, c\u2019est un cocktail funky et d\u00e9jant\u00e9 de hip-hop, soul, \u00e9lectro et jazz. Costumes flamboyants, moustaches iconiques et \u00e9nergie d\u00e9bordante : chaque concert est une explosion de groove et de couleurs, entre folie et virtuosit\u00e9.<\/li>\n<li><strong>ZOUFRIS MARACAS<\/strong> : Les funambules de la chanson festive et engag\u00e9e, <strong>Zoufris Maracas<\/strong>, m\u00ealent chanson fran\u00e7aise, rythmes latino et swing manouche. Leurs textes l\u00e9gers mais profonds pointent les d\u00e9rives du monde moderne avec une po\u00e9sie malicieuse. En live, c\u2019est un bal populaire d\u00e9jant\u00e9.<\/li>\n<li><strong>THE BLAZE<\/strong>, duo \u00e9lectro fran\u00e7ais form\u00e9 par Guillaume et Jonathan Alric, fait vibrer et \u00e9mouvoir avec un univers sonore planant et \u00e9motionnel. Leurs morceaux m\u00ealent basses profondes, nappes atmosph\u00e9riques et voix poignantes, offrant un voyage introspectif unique, renforc\u00e9 par des clips cin\u00e9matographiques.<\/li>\n<\/ul>\n<p> <img loading=\"lazy\" width=\"700\" height=\"700\" alt=\"The Blaze DJ set\" title=\"La 1\u02b3\u1d49 \u00e9dition du Green Paradize aura lieu au Parc de Mussonville ! 3\"  nitro-lazy- nitro-lazy-src=\"https:\/\/cdn-ilbobfj.nitrocdn.com\/LLQyioEDmPooSUeshdcABKPnDEWJyTwh\/assets\/images\/optimized\/rev-fefab80\/quoifaireabordeaux.com\/wp-content\/uploads\/2025\/08\/the-blaze-dj-set.jpg\" class=\"wp-image-18810608 nitro-lazy\" decoding=\"async\" nitro-lazy-empty=\"\" id=\"NTAwOjgyNA==-1\" src=\"data:image\/svg+xml;nitro-empty-id=NTAwOjgyNA==-1;base64,PHN2ZyB2aWV3Qm94PSIwIDAgNzAwIDcwMCIgd2lkdGg9IjcwMCIgaGVpZ2h0PSI3MDAiIHhtbG5zPSJodHRwOi8vd3d3LnczLm9yZy8yMDAwL3N2ZyI+PC9zdmc+\"\/> <\/p>\n<ul class=\"wp-block-list\">\n<li><strong>ODEZENNE<\/strong> d\u00e9voile \u00ab DOULA \u00bb, leur nouvel album, avec le single surprise \u00ab Hey Joe \u00bb. Apr\u00e8s une tourn\u00e9e Unplugged sold out et de (fausses) vacances, ils reviennent plus t\u00f4t que pr\u00e9vu. Seulement une dizaine de dates en France : \u00e0 ne pas rater, para\u00eet-il que c\u2019est une sacr\u00e9e exp\u00e9rience.<\/li>\n<li><strong>KO KO MO<\/strong>, duo rock fran\u00e7ais inspir\u00e9 de Led Zeppelin et The White Stripes, fusionne blues, rock psych\u00e9 et garage pour des lives \u00e9lectriques, sauvages et visc\u00e9raux.<\/li>\n<li><strong>KEZIAH JONES<\/strong> : Le prince du blufunk m\u00eale groove urbain, soul brute et influences nig\u00e9rianes avec sa guitare \u00e9lectrique et sa voix charismatique. Artiste solaire, Keziah Jones \u00e9lectrise la sc\u00e8ne par son jeu percussif et sa pr\u00e9sence magn\u00e9tique.<\/li>\n<li><strong>ALTIN G\u00dcN<\/strong>, groupe n\u00e9erlandais aux racines turques, fusionne folklore anatolien des ann\u00e9es 70, funk groovy, synth\u00e9s analogiques et guitares psych\u00e9 pour une transe r\u00e9tro-futuriste envo\u00fbtante.<\/li>\n<li>Et le <strong>dimanche<\/strong>, place \u00e0 la sc\u00e8ne locale et \u00e0 <strong>Bordeaux Open Air<\/strong>, qui ram\u00e8ne sa vibe chill et ses DJs pour une journ\u00e9e gratuite ouverte \u00e0 tous.<\/li>\n<\/ul>\n<p> Un \u00e9v\u00e9nement engag\u00e9 et conscient <\/p>\n<p>Ce n\u2019est pas qu\u2019une question de musique. Ce <strong>festival \u00e0 B\u00e8gles<\/strong> revendique une vraie volont\u00e9 de faire les choses autrement. La <strong>mobilit\u00e9 douce<\/strong> est encourag\u00e9e (pas de parking voiture, sauf PMR), les <strong>d\u00e9chets sont tri\u00e9s, i<\/strong>l y aura des <strong>toilettes s\u00e8ches<\/strong> et les <strong>food trucks<\/strong> pr\u00e9sents bossent avec des produits locaux. On peut m\u00eame y manger v\u00e9gane !<\/p>\n<p>Le festival double les dons faits aux associations locales, dont<strong> le Secours Populaire Fran\u00e7ais et Proximit\u00e9 Carbone, jusqu\u2019\u00e0 20 000 \u20ac<\/strong>. Plut\u00f4t cool, non ?<br \/>Le dimanche, l\u2019entr\u00e9e est libre pour une journ\u00e9e d\u00e9di\u00e9e aux artistes de la r\u00e9gion, aux animations, et aux bons moments sans pression. C\u2019est l\u2019occasion parfaite pour d\u00e9couvrir les talents locaux et profiter du Parc de Mussonville sans badge ni bracelet.<\/p>\n<p> Comment se rendre au Green Paradize Festival ? <\/p>\n<p>Le <strong>Parc de Mussonville<\/strong>, situ\u00e9 en plein c\u0153ur de B\u00e8gles, est facilement accessible depuis Bordeaux :<\/p>\n<ul class=\"wp-block-list\">\n<li>En tram : <strong>ligne C, arr\u00eat B\u00e8gles<\/strong><\/li>\n<li>En bus : lignes <strong>15<\/strong> et <strong>43<\/strong><\/li>\n<li>\u00c0 v\u00e9lo : un <strong>parking \u00e0 v\u00e9los<\/strong> est pr\u00e9vu<\/li>\n<li>En voiture : on \u00e9vite (pas de parking, sauf PMR). Le <strong>covoiturage<\/strong> est fortement recommand\u00e9.<\/li>\n<\/ul>\n<p>Sur place, tout est pens\u00e9 pour accueillir le public dans de bonnes conditions, y compris les personnes \u00e0 mobilit\u00e9 r\u00e9duite (zone PMR d\u00e9di\u00e9e avec vue sur les sc\u00e8nes).<\/p>\n<p> Green Paradize, futur incontournable du sud bordelais ? <\/p>\n<p>La question m\u00e9rite d\u2019\u00eatre pos\u00e9e. Si cette premi\u00e8re \u00e9dition tient ses promesses, on pourrait bien avoir trouv\u00e9 l\u00e0 l\u2019\u00e9quivalent b\u00e8glais d\u2019un <strong>gros festival Bordelais <\/strong>boost\u00e9 au groove et \u00e0 la durabilit\u00e9. Un festival humain, avec une vraie vision, qui s\u2019adresse \u00e0 un public curieux, engag\u00e9 et un peu f\u00eatard sur les bords \u00e9videment.<\/p>\n<p>Et vu la qualit\u00e9 de la <strong>programmation<\/strong>, la clart\u00e9 de l\u2019organisation et la richesse de l\u2019exp\u00e9rience propos\u00e9e, \u00e7a sent bon le carton plein.<\/p>\n<p>Retrouvez tous nos bons plans en cliquant <a href=\"https:\/\/quoifaireabordeaux.com\/category\/bons-plans\/\" target=\"_blank\" rel=\"noreferrer noopener nofollow\">ICI<\/a>.<\/p>\n<p>  Informations pratiques <\/p>\n<p>concernant l&rsquo;\u00e9v\u00e9nement<\/p>\n<p data-start=\"5653\" data-end=\"5724\"><strong data-start=\"5656\" data-end=\"5665\">Dates<\/strong> : Du <strong data-start=\"5671\" data-end=\"5693\">vendredi 3 octobre<\/strong> au <strong data-start=\"5697\" data-end=\"5724\">dimanche 5 octobre 2025<\/strong><\/p>\n<p data-start=\"5726\" data-end=\"5819\"><strong data-start=\"5729\" data-end=\"5737\">Lieu<\/strong> : Parc de Mussonville, 33130 B\u00e8gles (accessible en tram C, bus 15 ou 43, ou v\u00e9lo)<\/p>\n<p data-start=\"5821\" data-end=\"5838\"><strong data-start=\"5824\" data-end=\"5836\">Horaires<\/strong> :<\/p>\n<p data-start=\"5841\" data-end=\"5863\">Vendredi : 18h \u2013 00h<\/p>\n<p data-start=\"5866\" data-end=\"5888\">Samedi : 15h \u2013 00h<\/p>\n<p data-start=\"5891\" data-end=\"5929\">Dimanche : 14h \u2013 20h (entr\u00e9e gratuite)<\/p>\n<p data-start=\"5931\" data-end=\"5947\"><strong data-start=\"5934\" data-end=\"5944\">Tarifs<\/strong> :<\/p>\n<p data-start=\"5950\" data-end=\"5980\">Pass jour : \u00e0 partir de 47\u20ac<\/p>\n<p data-start=\"5950\" data-end=\"5980\">Pass 2 jours : \u00e0 partir de 87\u20ac<\/p>\n<p>Pass VIP : Le Pass VIP vous donne acc\u00e8s aux concerts ainsi qu\u2019\u00e0 un espace exclusif avec bar, restauration et toilettes r\u00e9serv\u00e9es.<\/p>\n<p>Un cadre privil\u00e9gi\u00e9 pour profiter pleinement de l\u2019\u00e9v\u00e9nement\u2026 et peut-\u00eatre croiser quelques artistes.\u00a0<\/p>\n<p>Tarif r\u00e9duit pour les -13 ans et adh\u00e9rent carte jeune<\/p>\n<p data-start=\"6019\" data-end=\"6038\">Gratuit le dimanche<\/p>\n<p data-start=\"6040\" data-end=\"6160\"><strong data-start=\"6043\" data-end=\"6082\">Billetterie du Green Paradize Festival<\/strong> : \ud83d\udc49 <a href=\"https:\/\/billetterie.seetickets.fr\/ext\/billetterie5\/?site=greenparadizefestival-\" target=\"_blank\" rel=\"noopener nofollow\">https:\/\/billetterie.seetickets.fr\/ext\/billetterie5\/?site=greenparadizefestival-<\/a><\/p>\n<p data-start=\"6040\" data-end=\"6160\"><a href=\"https:\/\/www.instagram.com\/greenparadizefest\/\" target=\"_blank\" rel=\"noopener nofollow\">Instagram<\/a> et <a href=\"https:\/\/www.facebook.com\/profile.php?id=61571898075625\" target=\"_blank\" rel=\"noopener nofollow\">Facebook<\/a><\/p>\n<p>    <script async src=\"\/\/www.instagram.com\/embed.js\"><\/script><\/p>\n","protected":false},"excerpt":{"rendered":"Article sponsoris\u00e9 par Green Paradize. Du 3 au 5 octobre 2025, le Parc de Mussonville \u00e0 B\u00e8gles accueillera&hellip;\n","protected":false},"author":2,"featured_media":358912,"comment_status":"","ping_status":"","sticky":false,"template":"","format":"standard","meta":{"footnotes":""},"categories":[2817],"tags":[1111,11,1997,1777,674,1011,27,12,2219,25],"class_list":{"0":"post-358911","1":"post","2":"type-post","3":"status-publish","4":"format-standard","5":"has-post-thumbnail","7":"category-bordeaux","8":"tag-actu","9":"tag-actualites","10":"tag-bordeaux","11":"tag-eu","12":"tag-europe","13":"tag-fr","14":"tag-france","15":"tag-news","16":"tag-nouvelle-aquitaine","17":"tag-republique-francaise"},"share_on_mastodon":{"url":"https:\/\/pubeurope.com\/@fr\/115130475770760802","error":""},"_links":{"self":[{"href":"https:\/\/www.europesays.com\/fr\/wp-json\/wp\/v2\/posts\/358911","targetHints":{"allow":["GET"]}}],"collection":[{"href":"https:\/\/www.europesays.com\/fr\/wp-json\/wp\/v2\/posts"}],"about":[{"href":"https:\/\/www.europesays.com\/fr\/wp-json\/wp\/v2\/types\/post"}],"author":[{"embeddable":true,"href":"https:\/\/www.europesays.com\/fr\/wp-json\/wp\/v2\/users\/2"}],"replies":[{"embeddable":true,"href":"https:\/\/www.europesays.com\/fr\/wp-json\/wp\/v2\/comments?post=358911"}],"version-history":[{"count":0,"href":"https:\/\/www.europesays.com\/fr\/wp-json\/wp\/v2\/posts\/358911\/revisions"}],"wp:featuredmedia":[{"embeddable":true,"href":"https:\/\/www.europesays.com\/fr\/wp-json\/wp\/v2\/media\/358912"}],"wp:attachment":[{"href":"https:\/\/www.europesays.com\/fr\/wp-json\/wp\/v2\/media?parent=358911"}],"wp:term":[{"taxonomy":"category","embeddable":true,"href":"https:\/\/www.europesays.com\/fr\/wp-json\/wp\/v2\/categories?post=358911"},{"taxonomy":"post_tag","embeddable":true,"href":"https:\/\/www.europesays.com\/fr\/wp-json\/wp\/v2\/tags?post=358911"}],"curies":[{"name":"wp","href":"https:\/\/api.w.org\/{rel}","templated":true}]}}