{"id":358915,"date":"2025-09-01T18:34:09","date_gmt":"2025-09-01T18:34:09","guid":{"rendered":"https:\/\/www.europesays.com\/fr\/358915\/"},"modified":"2025-09-01T18:34:09","modified_gmt":"2025-09-01T18:34:09","slug":"au-bord-du-peripherique-de-toulouse-ce-terrain-tres-banal-pourrait-susciter-des-convoitises-voici-pourquoi","status":"publish","type":"post","link":"https:\/\/www.europesays.com\/fr\/358915\/","title":{"rendered":"Au bord du p\u00e9riph\u00e9rique de Toulouse, ce terrain tr\u00e8s banal pourrait susciter des convoitises : voici pourquoi"},"content":{"rendered":"<p>            Par<br \/>\n        <strong><br \/>\n            <a href=\"https:\/\/actu.fr\/auteur\/david-saint-sernin\" title=\"Consulter tous les articles de David Saint-Sernin\" target=\"_blank\" rel=\"noopener\">David Saint-Sernin<\/a><br \/>\n        <\/strong><\/p>\n<p>        Publi\u00e9 le<\/p>\n<p>            1 sept. 2025 \u00e0 20h15        <\/p>\n<p>C\u2019est un terrain qui \u00ab\u2009ne paye pas de mine\u2009\u00bb. Il sert, depuis tr\u00e8s nombreuses ann\u00e9es, de d\u00e9p\u00f4t de graviers. Situ\u00e9 \u00e0 Toulouse <a href=\"https:\/\/actu.fr\/occitanie\/toulouse_31555\/toulouse-le-coeur-d-un-quartier-atypique-eventre-que-va-devenir-ce-village-dans-la-ville_61714757.html\" target=\"_blank\" rel=\"noopener\">dans le quartier Lalande<\/a>, au 265 avenue de Fronton, ce terrain assez banal pourrait susciter quelques convoitises dans les prochaines semaines.<\/p>\n<p>Deux parcelles \u00ab\u2009pour une op\u00e9ration de construction\u2009\u00bb<\/p>\n<p class=\" wall-content\">Depuis ce lundi 1er\u00a0septembre 2025, ce terrain si banal est, en effet, mis en vente. Son propri\u00e9taire, <a href=\"https:\/\/actu.fr\/tag\/toulouse-metropole\" target=\"_blank\" rel=\"noopener\">Toulouse M\u00e9tropole,<\/a> a lanc\u00e9 la vente des deux parcelles qui composent ce terrain avec, au total, une surface de 2161 m2.<\/p>\n<p class=\" wall-content\">Le terrain est mis en vente \u00ab\u2009pour la r\u00e9alisation d\u2019une op\u00e9ration de construction\u2009\u00bb, annonce Toulouse M\u00e9tropole.<\/p>\n<p>Toulouse M\u00e9tropole met en avant \u00ab\u2009une accessibilit\u00e9 optimale\u2009\u00bb<\/p>\n<p class=\" wall-content\">\u00ab\u00a0Le bien mis en vente b\u00e9n\u00e9ficie d\u2019une accessibilit\u00e9 optimale gr\u00e2ce \u00e0 sa proximit\u00e9 imm\u00e9diate<br \/>avec l\u2019autoroute A62, facilitant ainsi les d\u00e9placements vers le centre-ville et les grands axes<br \/>routiers. Le site est \u00e9galement desservi par les transports en commun, avec des lignes de bus \u00e0 proximit\u00e9 et un acc\u00e8s au m\u00e9tro B\u00a0\u00bb, explique Toulouse M\u00e9tropole.<\/p>\n<p class=\" wall-content\">Les acheteurs ne pourront pas faire n\u2019importe quoi. Ils devront notamment tenir compte du futur plan local d\u2019urbanisme intercommunal (PLUi-H) et des projets en cours \u2013 une ligne de bus express 10 \u2013 qui n\u00e9cessiteront de pr\u00e9server une bande de terrain en bordure de la route de Fronton.<\/p>\n<p>Vid\u00e9os : en ce moment sur ActuPossibilit\u00e9 pour des locaux commerciaux<\/p>\n<p class=\" wall-content\">\u00ab\u2009Ainsi, au regard des \u00e9l\u00e9ments pr\u00e9c\u00e9demment cit\u00e9s, la r\u00e9glementation en vigueur ou arr\u00eat\u00e9s au sein du futur PLUiH permet l\u2019installation de locaux commerciaux ou de projet collectif d\u2019une surface inf\u00e9rieure \u00e0 500m\u00b2.\u00a0 Ces parcelles sont \u00e9galement situ\u00e9es hors Zone Pr\u00e9f\u00e9rentielle d\u2019Accueil du Commerce\u2009\u00bb, d\u00e9taille Toulouse M\u00e9tropole qui a approuv\u00e9 la mise en vente de ce terrain par une d\u00e9lib\u00e9ration mise au vote le 10\u00a0avril 2025.<\/p>\n<p class=\" wall-content\">Les acheteurs doivent envoyer leurs offres avant le 31\u00a0octobre 2025 \u00e0 16h.<\/p>\n<p>Votre r\u00e9gion, votre actu !<\/p>\n<p>Recevez chaque jour les infos qui comptent pour vous.<\/p>\n<p>\t<a href=\"https:\/\/actu.fr\/newsletter\" class=\"ac-btn ac-btn--corner ac-btn--medium ac-btn--blue800\" target=\"_blank\" rel=\"noopener\">S&rsquo;incrire<\/a><br \/>\nDans un secteur de la ville qui bouge<\/p>\n<p class=\" wall-content\">S\u00e9par\u00e9e du quartier historique de Lalande par le p\u00e9riph\u00e9rique, cette parcelle est situ\u00e9e dans un secteur essentiellement r\u00e9sidentiel. Un secteur qui a beaucoup chang\u00e9 ces quinze derni\u00e8res ann\u00e9es.<\/p>\n<p class=\" wall-content\">Un secteur qui va encore beaucoup bouger avec la transformation du quartier Lalande.<\/p>\n<p>Une cession pr\u00e9vue en 2027<\/p>\n<p class=\" wall-content\">Selon le calendrier pr\u00e9cis\u00e9 par Toulouse M\u00e9tropole, le choix de l\u2019acheteur et de son projet, serait effectu\u00e9 en novembre\u00a02025.<\/p>\n<p class=\" wall-content\">Une nouvelle d\u00e9lib\u00e9ration sera ensuite pr\u00e9sent\u00e9e \u00e0 un Conseil M\u00e9tropolitain ult\u00e9rieur afin de valider le choix du candidat d\u00e9sign\u00e9 acqu\u00e9reur. La promesse de vente aurait lieu au premier trimestre 2026.<\/p>\n<p class=\" wall-content\">En mai\u00a02027, l\u2019obtention des permis de construire aurait lieu avant une cession en juin\u00a02027, \u00ab\u2009date limite pour lever l\u2019option, signer l\u2019acte de vente et verser le prix\u2009\u00bb, avance Toulouse M\u00e9tropole.<\/p>\n<p class=\" wall-content\">Tous les renseignements sont \u00e0 retrouver <a href=\"https:\/\/metropole.toulouse.fr\/actualites\/vente-dun-terrain-265-avenue-de-fronton\" target=\"_blank\" rel=\"noopener\">sur le site de Toulouse M\u00e9tropole.<\/a><\/p>\n<p>    <a href=\"https:\/\/www.google.com\/maps\/embed?pb=!1m18!1m12!1m3!1d6848.819869360596!2d1.4301276765306017!3d43.650684352593004!2m3!1f0!2f0!3f0!3m2!1i1024!2i768!4f13.1!3m3!1m2!1s0x12aea49772e2cef3%3A0xb10e4394f4dd2c5c!2s269-265%20Av.%20de%20Fronton%2C%2031200%20Toulouse!5e1!3m2!1sfr!2sfr!4v1756750399371!5m2!1sfr!2sfr\" title=\"Ouvrie le lien\" target=\"_blank\" rel=\"noopener\">Cliquez ici pour visualiser le contenu<\/a><\/p>\n<p class=\" wall-content\">Personnalisez votre actualit\u00e9 en ajoutant vos villes et m\u00e9dias en favori avec <a href=\"https:\/\/moncompte.actu.fr\" title=\"D\u00e9couvez Mon Actu\" rel=\"nofollow noopener\" data-trk=\"{&quot;cta&quot;:{&quot;action&quot;:&quot;https:\\\/\\\/moncompte.actu.fr&quot;,&quot;category&quot;:&quot;mon compte&quot;,&quot;from&quot;:&quot;article footer&quot;,&quot;name&quot;:&quot;Mon actu&quot;,&quot;type&quot;:&quot;cta&quot;}}\" target=\"_blank\">Mon Actu<\/a>.<\/p>\n","protected":false},"excerpt":{"rendered":"Par David Saint-Sernin Publi\u00e9 le 1 sept. 2025 \u00e0 20h15 C\u2019est un terrain qui \u00ab\u2009ne paye pas de&hellip;\n","protected":false},"author":2,"featured_media":358916,"comment_status":"","ping_status":"","sticky":false,"template":"","format":"standard","meta":{"footnotes":""},"categories":[2816],"tags":[1111,11,1777,674,1011,27,1908,12,3147,2680,25,104,2312],"class_list":{"0":"post-358915","1":"post","2":"type-post","3":"status-publish","4":"format-standard","5":"has-post-thumbnail","7":"category-toulouse","8":"tag-actu","9":"tag-actualites","10":"tag-eu","11":"tag-europe","12":"tag-fr","13":"tag-france","14":"tag-logement","15":"tag-news","16":"tag-nouveaux-commerces","17":"tag-occitanie","18":"tag-republique-francaise","19":"tag-societe","20":"tag-toulouse"},"share_on_mastodon":{"url":"https:\/\/pubeurope.com\/@fr\/115130483627109417","error":""},"_links":{"self":[{"href":"https:\/\/www.europesays.com\/fr\/wp-json\/wp\/v2\/posts\/358915","targetHints":{"allow":["GET"]}}],"collection":[{"href":"https:\/\/www.europesays.com\/fr\/wp-json\/wp\/v2\/posts"}],"about":[{"href":"https:\/\/www.europesays.com\/fr\/wp-json\/wp\/v2\/types\/post"}],"author":[{"embeddable":true,"href":"https:\/\/www.europesays.com\/fr\/wp-json\/wp\/v2\/users\/2"}],"replies":[{"embeddable":true,"href":"https:\/\/www.europesays.com\/fr\/wp-json\/wp\/v2\/comments?post=358915"}],"version-history":[{"count":0,"href":"https:\/\/www.europesays.com\/fr\/wp-json\/wp\/v2\/posts\/358915\/revisions"}],"wp:featuredmedia":[{"embeddable":true,"href":"https:\/\/www.europesays.com\/fr\/wp-json\/wp\/v2\/media\/358916"}],"wp:attachment":[{"href":"https:\/\/www.europesays.com\/fr\/wp-json\/wp\/v2\/media?parent=358915"}],"wp:term":[{"taxonomy":"category","embeddable":true,"href":"https:\/\/www.europesays.com\/fr\/wp-json\/wp\/v2\/categories?post=358915"},{"taxonomy":"post_tag","embeddable":true,"href":"https:\/\/www.europesays.com\/fr\/wp-json\/wp\/v2\/tags?post=358915"}],"curies":[{"name":"wp","href":"https:\/\/api.w.org\/{rel}","templated":true}]}}