{"id":358919,"date":"2025-09-01T18:36:12","date_gmt":"2025-09-01T18:36:12","guid":{"rendered":"https:\/\/www.europesays.com\/fr\/358919\/"},"modified":"2025-09-01T18:36:12","modified_gmt":"2025-09-01T18:36:12","slug":"gagnez-vos-invitations-pour-la-foire-aux-maneges-de-lille-2025","status":"publish","type":"post","link":"https:\/\/www.europesays.com\/fr\/358919\/","title":{"rendered":"Gagnez vos invitations pour la Foire aux Man\u00e8ges de Lille 2025"},"content":{"rendered":"<p style=\"text-align: justify;\"><strong>Les Industriels Forains <\/strong>et <strong>Zoom Sur Lille<\/strong> vous offrent <strong>votre invitation<\/strong> (en fonction des attractions et stands alimentaires participants) pour que vous puissiez vous amuser \u00e0 la<strong> Foire aux Man\u00e8ges de Lille 2025 !<\/strong><\/p>\n<p style=\"text-align: justify;\">La <strong>Foire aux Man\u00e8ges de Lille<\/strong> est pr\u00e9sente sur le<strong> Champ de Mars<\/strong> jusqu\u2019au <strong>dimanche 28 septembre 2025 <\/strong>avec <strong>plus de 180 attractions,<\/strong> <strong>boutiques, loteries, confiseries, buvettes<\/strong> et son <strong>unique restaurant \u00ab Steak House \u00bb. Troisi\u00e8me f\u00eate foraine de France,<\/strong> elle vous propose <strong>un mois complet de r\u00e9jouissances. <\/strong><\/p>\n<p style=\"text-align: justify;\">Jours et Horaires d\u2019ouverture \u2013 P\u00e9riode scolaire<br \/><strong><img loading=\"lazy\" decoding=\"async\" class=\"alignnone size-full wp-image-13185 tie-appear\" src=\"https:\/\/www.europesays.com\/fr\/wp-content\/uploads\/2025\/04\/1744100656_185_arrow.png\" alt=\"\" width=\"9\" height=\"9\"\/> Lundi, mardi et jeudi : <\/strong>16h \u00e0 23h (certains forains ouvrent \u00e0 14h) *<br \/><strong><img loading=\"lazy\" decoding=\"async\" class=\"alignnone size-full wp-image-13185 tie-appear\" src=\"https:\/\/www.europesays.com\/fr\/wp-content\/uploads\/2025\/04\/1744100656_185_arrow.png\" alt=\"\" width=\"9\" height=\"9\"\/> Mercredi : <\/strong>14h \u00e0 23h *<br \/><strong><img loading=\"lazy\" decoding=\"async\" class=\"alignnone size-full wp-image-13185 tie-appear\" src=\"https:\/\/www.europesays.com\/fr\/wp-content\/uploads\/2025\/04\/1744100656_185_arrow.png\" alt=\"\" width=\"9\" height=\"9\"\/> Vendredi : <\/strong>16h \u00e0 1h (certains forains ouvrent \u00e0 14h) *<br \/><strong><img loading=\"lazy\" decoding=\"async\" class=\"alignnone size-full wp-image-13185 tie-appear\" src=\"https:\/\/www.europesays.com\/fr\/wp-content\/uploads\/2025\/04\/1744100656_185_arrow.png\" alt=\"\" width=\"9\" height=\"9\"\/> Samedi : <\/strong>14h \u00e0 1h *<br \/><strong><img loading=\"lazy\" decoding=\"async\" class=\"alignnone size-full wp-image-13185 tie-appear\" src=\"https:\/\/www.europesays.com\/fr\/wp-content\/uploads\/2025\/04\/1744100656_185_arrow.png\" alt=\"\" width=\"9\" height=\"9\"\/> Dimanche : <\/strong>14h \u00e0 23h * <br \/><strong><img loading=\"lazy\" decoding=\"async\" class=\"alignnone size-full wp-image-13185 tie-appear\" src=\"https:\/\/www.europesays.com\/fr\/wp-content\/uploads\/2025\/04\/1744100656_185_arrow.png\" alt=\"\" width=\"9\" height=\"9\"\/> La brasserie \u00ab Steak House \u00bb<\/strong> sera <strong>ouverte tous les soirs<\/strong> et aussi les<strong> samedis<\/strong> et <strong>dimanche midis.<\/strong><\/p>\n<p>* L\u2019ouverture des attractions peut varier en fonction des conditions m\u00e9t\u00e9orologiques (fortes pluies, grand vent\u2026).<\/p>\n<p><strong><img loading=\"lazy\" decoding=\"async\" width=\"9\" height=\"9\" class=\"alignnone size-full wp-image-13185 tie-appear\" src=\"https:\/\/www.europesays.com\/fr\/wp-content\/uploads\/2025\/04\/1744100656_185_arrow.png\" alt=\"\"\/><\/strong> <a href=\"https:\/\/www.zoomsurlille.fr\/actualites\/la-foire-aux-maneges-de-lille-aura-lieu-du-30-aout-au-28-septembre-2025\" target=\"_blank\" rel=\"noreferrer noopener\">Notre article sur la Foire aux Man\u00e8ges 2025 (animations, liste des attractions,\u2026)<strong><br \/><\/strong><\/a><\/p>\n<p>Jeu-Concours Zoom Sur Lille<\/p>\n<p><strong>25 invitations\u00a0\u00e0 gagner ! <br \/><\/strong><\/p>\n<p><strong>Pour jouer :<\/strong><br \/><strong> \u2013 compl\u00e9tez le formulaire de participation ci-dessous <\/strong><br \/><strong>\u2013 Invitez vos amis !<\/strong><br \/><strong>\u2013 Partagez ce post sur votre mur Facebook ou sur votre page X (Twitter) !<br \/><\/strong><\/p>\n<p>Apr\u00e8s tirage au sort, vous recevrez les informations par email pour r\u00e9cup\u00e9rer votre invitation (v\u00e9rifiez bien votre adresse !)<\/p>\n<p>\t\t\t<strong>Augmentez vos chances pour gagner !<\/strong><br \/>Abonnez-vous \u00e0 notre <a href=\"http:\/\/www.facebook.com\/zoomsurlille.fr\" target=\"_blank\" rel=\"noopener noreferrer\">page Facebook Zoom Sur Lille<\/a>, commentez et partagez le post \u00ab\u00a0Jeu Foire aux Man\u00e8ges 2025\u00a0\u00bb<\/p>\n<p>\t\t\t* R\u00e8glement <\/p>\n<p style=\"text-align: justify;\">Le jeu est organis\u00e9 du 01 au 07 septembre 2025. Nombre d\u2019invitation (9 Tours de Man\u00e8ge + 1 Gourmandise pour 10\u20ac d\u2019achat minimum) en jeu = 25. Le tirage au sort parmi les bonnes r\u00e9ponses aura lieu le 01 septembre 2024. Les gagnants seront avertis par courrier postal. Zoom Sur Lille \u2013 l\u2019organisateur de ce jeu \u2013 ne pourra \u00eatre tenu pour responsable de l\u2019envoi des dotations \u00e0 une adresse inexacte du fait de la n\u00e9gligence du gagnant. Si les lots n\u2019ont pu \u00eatre livr\u00e9s \u00e0 leur destinataire pour quelque raison que ce soit, ind\u00e9pendamment de la volont\u00e9 de l\u2019organisateur (le gagnant ayant d\u00e9m\u00e9nag\u00e9 sans mettre \u00e0 jour son adresse, etc. \u2026), ils resteront d\u00e9finitivement la propri\u00e9t\u00e9 de l\u2019organisateur. Les participants sont inform\u00e9s que la vente ou l\u2019\u00e9change de lots sont strictement interdits. Zoom Sur Lille ne peut \u00eatre tenu pour responsable de tout incident \/ accident pouvant subvenir dans l\u2019utilisation des lots. Toutes les marques ou noms de produits cit\u00e9s sont des marques d\u00e9pos\u00e9es de leurs propri\u00e9taires respectifs. Les cadeaux offerts aux gagnants par Zoom Sur Lille et les Industriels Forains sont nominatifs et ne sont ni \u00e9changeables contre un autre produit ou service, ni remboursables. Ils ne peuvent en aucun cas constituer un avoir sur un produit ou service quel qu\u2019il soit, tant aupr\u00e8s de Zoom Sur Lille que de son partenaire les Industriels Forains. Le gagnant ne peut r\u00e9clamer aucun \u00e9quivalent financier aupr\u00e8s de Zoom Sur Lille ou de son partenaire les Industriels Forains. La participation au jeu implique l\u2019acceptation des pr\u00e9sentes conditions.<\/p>\n<p class=\"has-text-align-right\">Source &amp; photos : \u00a9 Christophe Pasquet \u2013 Foire aux Man\u00e8ges de Lille 2025<\/p>\n","protected":false},"excerpt":{"rendered":"Les Industriels Forains et Zoom Sur Lille vous offrent votre invitation (en fonction des attractions et stands alimentaires&hellip;\n","protected":false},"author":2,"featured_media":358920,"comment_status":"","ping_status":"","sticky":false,"template":"","format":"standard","meta":{"footnotes":""},"categories":[2815],"tags":[17,1111,11,1777,674,8260,1011,27,811,2892,19904,1307,12,25],"class_list":{"0":"post-358919","1":"post","2":"type-post","3":"status-publish","4":"format-standard","5":"has-post-thumbnail","7":"category-lille","8":"tag-17","9":"tag-actu","10":"tag-actualites","11":"tag-eu","12":"tag-europe","13":"tag-foire-aux-maneges","14":"tag-fr","15":"tag-france","16":"tag-hauts-de-france","17":"tag-invitations","18":"tag-jeux-concours","19":"tag-lille","20":"tag-news","21":"tag-republique-francaise"},"share_on_mastodon":{"url":"https:\/\/pubeurope.com\/@fr\/115130491972218359","error":""},"_links":{"self":[{"href":"https:\/\/www.europesays.com\/fr\/wp-json\/wp\/v2\/posts\/358919","targetHints":{"allow":["GET"]}}],"collection":[{"href":"https:\/\/www.europesays.com\/fr\/wp-json\/wp\/v2\/posts"}],"about":[{"href":"https:\/\/www.europesays.com\/fr\/wp-json\/wp\/v2\/types\/post"}],"author":[{"embeddable":true,"href":"https:\/\/www.europesays.com\/fr\/wp-json\/wp\/v2\/users\/2"}],"replies":[{"embeddable":true,"href":"https:\/\/www.europesays.com\/fr\/wp-json\/wp\/v2\/comments?post=358919"}],"version-history":[{"count":0,"href":"https:\/\/www.europesays.com\/fr\/wp-json\/wp\/v2\/posts\/358919\/revisions"}],"wp:featuredmedia":[{"embeddable":true,"href":"https:\/\/www.europesays.com\/fr\/wp-json\/wp\/v2\/media\/358920"}],"wp:attachment":[{"href":"https:\/\/www.europesays.com\/fr\/wp-json\/wp\/v2\/media?parent=358919"}],"wp:term":[{"taxonomy":"category","embeddable":true,"href":"https:\/\/www.europesays.com\/fr\/wp-json\/wp\/v2\/categories?post=358919"},{"taxonomy":"post_tag","embeddable":true,"href":"https:\/\/www.europesays.com\/fr\/wp-json\/wp\/v2\/tags?post=358919"}],"curies":[{"name":"wp","href":"https:\/\/api.w.org\/{rel}","templated":true}]}}