{"id":358926,"date":"2025-09-01T18:40:14","date_gmt":"2025-09-01T18:40:14","guid":{"rendered":"https:\/\/www.europesays.com\/fr\/358926\/"},"modified":"2025-09-01T18:40:14","modified_gmt":"2025-09-01T18:40:14","slug":"piscine-naturelle-des-analyses-de-leau-a-albigny","status":"publish","type":"post","link":"https:\/\/www.europesays.com\/fr\/358926\/","title":{"rendered":"Piscine naturelle : des analyses de l&rsquo;eau \u00e0 Albigny"},"content":{"rendered":"<p>\u00c0 quelques kilom\u00e8tres de Lyon, au bord de la Sa\u00f4ne, la petite commune d\u2019Albigny-sur-Sa\u00f4ne s\u2019appr\u00eate \u00e0 jouer un r\u00f4le cl\u00e9 dans un projet in\u00e9dit : la cr\u00e9ation d\u2019une piscine naturelle en plein c\u0153ur de Lyon.<\/p>\n<p>Le futur bassin, qui doit permettre aux habitants de profiter d\u2019une<strong> baignade \u00e9cologique en milieu urbain<\/strong>, repose sur un \u00e9l\u00e9ment central : la <strong>qualit\u00e9 de l\u2019eau<\/strong>. Et c\u2019est \u00e0 Albigny-sur-Sa\u00f4ne que tout commence.<\/p>\n<p>Le site accueille en effet une <strong>unit\u00e9 exp\u00e9rimentale de traitement<\/strong>, charg\u00e9e d\u2019analyser et d\u2019<strong>optimiser les proc\u00e9d\u00e9s permettant de garantir une eau parfaitement saine<\/strong>, sans recours \u00e0 des produits chimiques. Contrairement aux piscines traditionnelles, o\u00f9 le chlore domine, le <strong>futur bassin lyonnais<\/strong> misera sur un syst\u00e8me de <strong>filtration biologique et v\u00e9g\u00e9tale<\/strong>. Le principe : faire circuler l\u2019eau \u00e0 travers des <strong>bassins de plantes et de graviers<\/strong>, capables de retenir les impuret\u00e9s et d\u2019assurer une <strong>purification naturelle<\/strong>. Un d\u00e9fi technique et \u00e9cologique de taille.<\/p>\n<p>Ecoutez aussi : <a href=\"https:\/\/www.lyondemain.fr\/mjc-montchat-education-populaire-lyon\/\" target=\"_blank\" rel=\"noreferrer noopener nofollow\">MJC Montchat : \u00ab\u00a0L\u2019\u00e9ducation populaire, c\u2019est aussi le pouvoir d\u2019agir\u00a0\u00bb<\/a><\/p>\n<p><img fetchpriority=\"high\" decoding=\"async\" width=\"1200\" height=\"675\" src=\"https:\/\/www.europesays.com\/fr\/wp-content\/uploads\/2025\/09\/piscine-naturelle-analyse.jpg\" alt=\"Piscine naturelle\" class=\"wp-image-251320\"  \/><\/p>\n<p>Un syst\u00e8me de filtration biologique et v\u00e9g\u00e9tale<\/p>\n<p>Nous avons rencontr\u00e9 <strong>Pierre Athanaze<\/strong>, vice-pr\u00e9sident de la <strong><a href=\"https:\/\/www.grandlyon.com\/\" rel=\"nofollow noopener\" target=\"_blank\">M\u00e9topole de Lyon<\/a><\/strong>, d\u00e9l\u00e9gu\u00e9 \u00e0 l\u2019Environnement.<\/p>\n<p>\u00ab\u00a0On a fait d\u00e9j\u00e0 une premi\u00e8re \u00e9tape qu\u2019on a pr\u00e9sent\u00e9e aux <strong>maires du Val-de-Sa\u00f4ne<\/strong> ce printemps. Deux sites se d\u00e9gagent et les mairies sont favorables. C\u2019est <strong>Rochetaill\u00e9e<\/strong> et <strong>Albigny<\/strong>. Du coup, on est parti sur des <strong>analyses de la qualit\u00e9 de l\u2019eau<\/strong>\u2026 On est quand m\u00eame dans un sc\u00e9nario o\u00f9 on va tr\u00e8s tr\u00e8s vite. C\u2019est quelque chose qu\u2019on a entrepris l\u2019ann\u00e9e pass\u00e9e, suite \u00e0 une r\u00e9union avec les \u00e9lus du Val-de-Sa\u00f4ne. L\u00e0, on est d\u00e9j\u00e0 sur la <strong>qualit\u00e9 de l\u2019eau<\/strong>\u00ab\u00a0. <\/p>\n<p>\u00ab\u00a0Pour <strong>se baigner dans la Seine \u00e0 Paris<\/strong>, il a fallu plus de 30 ans et des moyens colossaux. Nous, on devrait y arriver en beaucoup moins de temps. Et sans d\u00e9ployer toute cette ing\u00e9nierie qu\u2019il a fallu pour Paris. On devrait ne mettre que des <strong>bou\u00e9es<\/strong> qui d\u00e9limitent la <strong>partie surveill\u00e9e de baignade<\/strong>. Dans un fleuve, c\u2019est assez difficile. On a tout de suite des berges assez raides. Donc, ce serait plut\u00f4t des structures flottantes\u2026 La <strong>s\u00e9curit\u00e9<\/strong>, c\u2019est vraiment la chose qui va toucher le plus les maires. Ce sont les maires qui vont donner ou pas l\u2019autorisation. C\u2019est de leur responsabilit\u00e9 et la responsabilit\u00e9 est grande\u00a0\u00bb.<\/p>\n<p>Ecoutez le podcast<\/p>\n<p>Piscine naturelle Albigny<\/p>\n<p>Ecoutez aussi : <a href=\"https:\/\/www.lyondemain.fr\/chantier-bas-carbone-enedis-part-dieu\/\" target=\"_blank\" rel=\"noreferrer noopener nofollow\">Un chantier bas-carbone exp\u00e9riment\u00e9 \u00e0 la Part-Dieu<\/a><\/p>\n<p><img loading=\"lazy\" decoding=\"async\" width=\"1200\" height=\"675\" src=\"https:\/\/www.europesays.com\/fr\/wp-content\/uploads\/2025\/09\/piscine-naturelle-prelevement-deau.jpg\" alt=\"pr\u00e9l\u00e8vement d'eau\" class=\"wp-image-251319\"  \/><\/p>\n<p><strong>Entre innovation et respect de l\u2019environnement<\/strong><\/p>\n<p>Le travail r\u00e9alis\u00e9 \u00e0 <strong>Albigny<\/strong> consiste \u00e0 trouver le juste \u00e9quilibre : une <strong>eau propre, transparente, s\u00e9curis\u00e9e pour les baigneurs<\/strong>, mais qui reste respectueuse de l\u2019environnement. Les ing\u00e9nieurs et techniciens suivent de pr\u00e8s des indicateurs tels que la <strong>prolif\u00e9ration d\u2019algues<\/strong>, le <strong>taux de bact\u00e9ries<\/strong> ou encore l\u2019<strong>oxyg\u00e9nation du milieu<\/strong>.<\/p>\n<p>Chaque param\u00e8tre doit \u00eatre ajust\u00e9 avec pr\u00e9cision pour que l\u2019\u00e9cosyst\u00e8me fonctionne de mani\u00e8re autonome, sans d\u00e9s\u00e9quilibrer le <strong>cycle naturel de l\u2019eau<\/strong>.<\/p>\n<p>Pour la <strong>M\u00e9tropole de Lyon<\/strong>, ce projet est une premi\u00e8re. Il s\u2019inscrit dans une volont\u00e9 plus large de repenser la<strong> place de la nature en ville<\/strong> et d\u2019offrir aux habitants des <strong>espaces de loisirs durables<\/strong>.<\/p>\n<p>La <strong>piscine naturelle<\/strong>, pr\u00e9vue en bord de Sa\u00f4ne, sera \u00e0 la fois un <strong>lieu de d\u00e9tente<\/strong> et une <strong>vitrine de l\u2019innovation \u00e9cologique<\/strong>. Et c\u2019est bien \u00e0 <strong>Albigny-sur-Sa\u00f4ne<\/strong>, laboratoire discret mais essentiel, que se dessinent aujourd\u2019hui les contours de cette <strong>baignade de demain<\/strong>.<\/p>\n<p>Ecoutez aussi : <a href=\"https:\/\/www.lyondemain.fr\/lyon-se-baigner-dans-la-darse-confluence\/\" target=\"_blank\" rel=\"noreferrer noopener nofollow\">Lyon : se baigner dans la darse Confluence sera possible en 2027<\/a><\/p>\n<p><img loading=\"lazy\" decoding=\"async\" width=\"1200\" height=\"675\" src=\"https:\/\/www.europesays.com\/fr\/wp-content\/uploads\/2025\/09\/piscine-naturelle-Albigny.jpg\" alt=\"Piscine naturelle\" class=\"wp-image-251318\"  \/><br \/>\nJ\u2019aime \u00e7a\u00a0:<\/p>\n<p>J\u2019aime chargement\u2026<\/p>\n<p><a class=\"sd-link-color\"\/><\/p>\n<p>\n\tArticles similaires\n<\/p>\n<p>\t\t\t\t<img decoding=\"async\" src=\"https:\/\/www.europesays.com\/fr\/wp-content\/uploads\/2025\/09\/7866158698e17e8ed633c05e8f8e7fe5d9e057ad78661c4dc34e413abb6b9f19\" alt=\"G\u00e9rald Bouchon\"\/><\/p>\n<p>Pionnier des radios libres, passionn\u00e9 de radio, journaliste et dirigeant de m\u00e9dias \u00e9co-responsables..<\/p>\n","protected":false},"excerpt":{"rendered":"\u00c0 quelques kilom\u00e8tres de Lyon, au bord de la Sa\u00f4ne, la petite commune d\u2019Albigny-sur-Sa\u00f4ne s\u2019appr\u00eate \u00e0 jouer un&hellip;\n","protected":false},"author":2,"featured_media":358927,"comment_status":"","ping_status":"","sticky":false,"template":"","format":"standard","meta":{"footnotes":""},"categories":[1889],"tags":[1111,11,2430,1777,674,1011,27,2428,12,25],"class_list":{"0":"post-358926","1":"post","2":"type-post","3":"status-publish","4":"format-standard","5":"has-post-thumbnail","7":"category-lyon","8":"tag-actu","9":"tag-actualites","10":"tag-auvergne-rhone-alpes","11":"tag-eu","12":"tag-europe","13":"tag-fr","14":"tag-france","15":"tag-lyon","16":"tag-news","17":"tag-republique-francaise"},"share_on_mastodon":{"url":"https:\/\/pubeurope.com\/@fr\/115130507374998881","error":""},"_links":{"self":[{"href":"https:\/\/www.europesays.com\/fr\/wp-json\/wp\/v2\/posts\/358926","targetHints":{"allow":["GET"]}}],"collection":[{"href":"https:\/\/www.europesays.com\/fr\/wp-json\/wp\/v2\/posts"}],"about":[{"href":"https:\/\/www.europesays.com\/fr\/wp-json\/wp\/v2\/types\/post"}],"author":[{"embeddable":true,"href":"https:\/\/www.europesays.com\/fr\/wp-json\/wp\/v2\/users\/2"}],"replies":[{"embeddable":true,"href":"https:\/\/www.europesays.com\/fr\/wp-json\/wp\/v2\/comments?post=358926"}],"version-history":[{"count":0,"href":"https:\/\/www.europesays.com\/fr\/wp-json\/wp\/v2\/posts\/358926\/revisions"}],"wp:featuredmedia":[{"embeddable":true,"href":"https:\/\/www.europesays.com\/fr\/wp-json\/wp\/v2\/media\/358927"}],"wp:attachment":[{"href":"https:\/\/www.europesays.com\/fr\/wp-json\/wp\/v2\/media?parent=358926"}],"wp:term":[{"taxonomy":"category","embeddable":true,"href":"https:\/\/www.europesays.com\/fr\/wp-json\/wp\/v2\/categories?post=358926"},{"taxonomy":"post_tag","embeddable":true,"href":"https:\/\/www.europesays.com\/fr\/wp-json\/wp\/v2\/tags?post=358926"}],"curies":[{"name":"wp","href":"https:\/\/api.w.org\/{rel}","templated":true}]}}