{"id":358935,"date":"2025-09-01T18:46:16","date_gmt":"2025-09-01T18:46:16","guid":{"rendered":"https:\/\/www.europesays.com\/fr\/358935\/"},"modified":"2025-09-01T18:46:16","modified_gmt":"2025-09-01T18:46:16","slug":"calmes-surs-deux-gardes-a-vue-prolongees-pour-les-ados-arretes-a-paris-avec-10-millions-deuros-dans-un-slip","status":"publish","type":"post","link":"https:\/\/www.europesays.com\/fr\/358935\/","title":{"rendered":"\u00ab\u00a0Calmes, s\u00fbrs d\u2019eux\u00a0\u00bb\u00a0: gardes \u00e0 vue prolong\u00e9es pour les ados arr\u00eat\u00e9s \u00e0 Paris avec 10\u00a0millions d\u2019euros dans un slip"},"content":{"rendered":"<p class=\"paragraph text_align_left lp-f-body-02\">Que faisaient ces deux ressortissants tunisiens, sans papier et d\u00e9favorablement connus des services de police, avec un butin aussi faramineux dissimul\u00e9s, dans leurs<b> <\/b>sous-v\u00eatements ? \u00ab Quand ils ont \u00e9t\u00e9 interpell\u00e9s, rien ne laissait penser qu\u2019ils avaient r\u00e9ellement conscience de la valeur des bijoux. Ils \u00e9taient tr\u00e8s calmes, tr\u00e8s s\u00fbrs d\u2019eux \u00bb, rapporte une proche du dossier.<\/p>\n","protected":false},"excerpt":{"rendered":"Que faisaient ces deux ressortissants tunisiens, sans papier et d\u00e9favorablement connus des services de police, avec un butin&hellip;\n","protected":false},"author":2,"featured_media":358936,"comment_status":"","ping_status":"","sticky":false,"template":"","format":"standard","meta":{"footnotes":""},"categories":[1888],"tags":[11,1777,674,118,1011,27,12,626,25],"class_list":{"0":"post-358935","1":"post","2":"type-post","3":"status-publish","4":"format-standard","5":"has-post-thumbnail","7":"category-paris","8":"tag-actualites","9":"tag-eu","10":"tag-europe","11":"tag-faits-divers","12":"tag-fr","13":"tag-france","14":"tag-news","15":"tag-paris","16":"tag-republique-francaise"},"share_on_mastodon":{"url":"https:\/\/pubeurope.com\/@fr\/115130530775424366","error":""},"_links":{"self":[{"href":"https:\/\/www.europesays.com\/fr\/wp-json\/wp\/v2\/posts\/358935","targetHints":{"allow":["GET"]}}],"collection":[{"href":"https:\/\/www.europesays.com\/fr\/wp-json\/wp\/v2\/posts"}],"about":[{"href":"https:\/\/www.europesays.com\/fr\/wp-json\/wp\/v2\/types\/post"}],"author":[{"embeddable":true,"href":"https:\/\/www.europesays.com\/fr\/wp-json\/wp\/v2\/users\/2"}],"replies":[{"embeddable":true,"href":"https:\/\/www.europesays.com\/fr\/wp-json\/wp\/v2\/comments?post=358935"}],"version-history":[{"count":0,"href":"https:\/\/www.europesays.com\/fr\/wp-json\/wp\/v2\/posts\/358935\/revisions"}],"wp:featuredmedia":[{"embeddable":true,"href":"https:\/\/www.europesays.com\/fr\/wp-json\/wp\/v2\/media\/358936"}],"wp:attachment":[{"href":"https:\/\/www.europesays.com\/fr\/wp-json\/wp\/v2\/media?parent=358935"}],"wp:term":[{"taxonomy":"category","embeddable":true,"href":"https:\/\/www.europesays.com\/fr\/wp-json\/wp\/v2\/categories?post=358935"},{"taxonomy":"post_tag","embeddable":true,"href":"https:\/\/www.europesays.com\/fr\/wp-json\/wp\/v2\/tags?post=358935"}],"curies":[{"name":"wp","href":"https:\/\/api.w.org\/{rel}","templated":true}]}}