{"id":358956,"date":"2025-09-01T18:57:10","date_gmt":"2025-09-01T18:57:10","guid":{"rendered":"https:\/\/www.europesays.com\/fr\/358956\/"},"modified":"2025-09-01T18:57:10","modified_gmt":"2025-09-01T18:57:10","slug":"la-france-bloque-lexportation-dun-manuscrit-inedit-danne-de-france","status":"publish","type":"post","link":"https:\/\/www.europesays.com\/fr\/358956\/","title":{"rendered":"La France bloque l\u2019exportation d\u2019un manuscrit in\u00e9dit d\u2019Anne de France"},"content":{"rendered":"<p>Ce 25 ao\u00fbt, un arr\u00eat\u00e9 de la ministre de la Culture a refus\u00e9 un certificat d\u2019exportation tel que pr\u00e9vu par l\u2019article L. 111-2 du Code du patrimoine. En jeu : un manuscrit in\u00e9dit contenant Les Enseignements d\u2019Anne de France (1461-1522) \u00e0 sa fille, suivis de l\u2019Histoire du si\u00e8ge de Brest. Dat\u00e9 vers 1505, cet ouvrage sur parchemin, enlumin\u00e9 de vingt miniatures dont trois en pleine page, constitue l\u2019unique exemplaire\u2026<\/p>\n","protected":false},"excerpt":{"rendered":"Ce 25 ao\u00fbt, un arr\u00eat\u00e9 de la ministre de la Culture a refus\u00e9 un certificat d\u2019exportation tel que&hellip;\n","protected":false},"author":2,"featured_media":358957,"comment_status":"","ping_status":"","sticky":false,"template":"","format":"standard","meta":{"footnotes":""},"categories":[4],"tags":[11,1011,27,12,25],"class_list":{"0":"post-358956","1":"post","2":"type-post","3":"status-publish","4":"format-standard","5":"has-post-thumbnail","7":"category-france","8":"tag-actualites","9":"tag-fr","10":"tag-france","11":"tag-news","12":"tag-republique-francaise"},"share_on_mastodon":{"url":"https:\/\/pubeurope.com\/@fr\/115130573937619018","error":""},"_links":{"self":[{"href":"https:\/\/www.europesays.com\/fr\/wp-json\/wp\/v2\/posts\/358956","targetHints":{"allow":["GET"]}}],"collection":[{"href":"https:\/\/www.europesays.com\/fr\/wp-json\/wp\/v2\/posts"}],"about":[{"href":"https:\/\/www.europesays.com\/fr\/wp-json\/wp\/v2\/types\/post"}],"author":[{"embeddable":true,"href":"https:\/\/www.europesays.com\/fr\/wp-json\/wp\/v2\/users\/2"}],"replies":[{"embeddable":true,"href":"https:\/\/www.europesays.com\/fr\/wp-json\/wp\/v2\/comments?post=358956"}],"version-history":[{"count":0,"href":"https:\/\/www.europesays.com\/fr\/wp-json\/wp\/v2\/posts\/358956\/revisions"}],"wp:featuredmedia":[{"embeddable":true,"href":"https:\/\/www.europesays.com\/fr\/wp-json\/wp\/v2\/media\/358957"}],"wp:attachment":[{"href":"https:\/\/www.europesays.com\/fr\/wp-json\/wp\/v2\/media?parent=358956"}],"wp:term":[{"taxonomy":"category","embeddable":true,"href":"https:\/\/www.europesays.com\/fr\/wp-json\/wp\/v2\/categories?post=358956"},{"taxonomy":"post_tag","embeddable":true,"href":"https:\/\/www.europesays.com\/fr\/wp-json\/wp\/v2\/tags?post=358956"}],"curies":[{"name":"wp","href":"https:\/\/api.w.org\/{rel}","templated":true}]}}