{"id":358969,"date":"2025-09-01T19:07:20","date_gmt":"2025-09-01T19:07:20","guid":{"rendered":"https:\/\/www.europesays.com\/fr\/358969\/"},"modified":"2025-09-01T19:07:20","modified_gmt":"2025-09-01T19:07:20","slug":"joyce-jonathan-annonce-sa-separation-avec-martial-paoli-le-pere-de-sa-fille","status":"publish","type":"post","link":"https:\/\/www.europesays.com\/fr\/358969\/","title":{"rendered":"Joyce Jonathan annonce sa s\u00e9paration avec Martial Paoli, le p\u00e8re de sa fille"},"content":{"rendered":"<p>En 2019, Joyce Jonathan est tomb\u00e9e amoureuse du pianiste Martial Paoli, avec qui elle a eu une petite fille pr\u00e9nomm\u00e9e Ghjulia. Pr\u00e9sente autour de la table des soci\u00e9taires des Grosses T\u00eates sur RTL ce lundi 1er septembre, la chanteuse a annonc\u00e9 sa s\u00e9paration avec le musicien. <\/p>\n<p>Le 2 novembre 2020, <a href=\"https:\/\/www.programme-tv.net\/biographie\/171782-jonathan-joyce\/\" data-link-people=\"67d89fe6-0cec-4838-9815-9341f18caa4c\" target=\"_blank\" rel=\"noopener\">Joyce Jonathan<\/a> est devenue <a href=\"https:\/\/www.programme-tv.net\/news\/people\/264300-joyce-jonathan-maman-la-chanteuse-devoile-sa-petite-fille-sur-instagram-photos\/\" data-api-deeplink=\"teleloisirs:\/\/news\/264300\" target=\"_blank\" rel=\"noopener\">l&rsquo;heureuse maman d&rsquo;une petite Ghjulia<\/a>, n\u00e9e de son histoire d&rsquo;amour avec le pianiste Martial Paoli, qu&rsquo;elle avait rencontr\u00e9 un an plus t\u00f4t <a href=\"https:\/\/www.programme-tv.net\/news\/tv\/288242-joyce-jonathan-tombee-amoureuse-de-son-compagnon-des-leur-premiere-rencontre-ses-confidences-sur-leur-couple-et-leur-vie-de-famille\/\" data-api-deeplink=\"teleloisirs:\/\/news\/288242\" target=\"_blank\" rel=\"noopener\">lors du Festival de Cannes<\/a>. La chanteuse \u00e9tait imm\u00e9diatement tomb\u00e9e sous le charme du musicien, qui donnait alors une repr\u00e9sentation. \u00ab\u00a0Je suis arriv\u00e9e et il jouait Pour que tu m&rsquo;aimes encore de <a href=\"https:\/\/www.programme-tv.net\/biographie\/13146-dion-celine\/\" data-link-people=\"2d276218-2898-44fb-9739-5e391ae09223\" target=\"_blank\" rel=\"noopener\">C\u00e9line Dion<\/a>. Tout le monde chantait autour du piano, je me suis approch\u00e9e et quand j&rsquo;ai vu qui \u00e9tait le pianiste, je me suis dit : &lsquo;Mais il est pas mal !&rsquo; Apr\u00e8s, il a jou\u00e9 un morceau de Queen en faisait une gymnastique au piano et c&rsquo;est \u00e0 ce moment-l\u00e0 que je me suis dit : &lsquo;Je me suis amoureuse de toi'\u00a0\u00bb, avait-elle racont\u00e9 dans l&rsquo;\u00e9mission 50&rsquo;Inside.<\/p>\n<p>Joyce Jonathan annonce sa s\u00e9paration avec le p\u00e8re de sa fille, Martial Paoli<\/p>\n<p>Ensemble, Joyce Jonathan et Martial Paoli ont toujours \u00e9t\u00e9 discrets. Les deux artistes ont d&rsquo;ailleurs fait le choix <a href=\"https:\/\/www.programme-tv.net\/news\/people\/297659-on-aime-bien-separer-les-choses-joyce-jonathan-se-confie-sur-son-compagnon-avec-qui-elle-prefere-ne-pas-travailler-video\/\" data-api-deeplink=\"teleloisirs:\/\/news\/297659\" target=\"_blank\" rel=\"noopener\">de ne pas travailler ensemble<\/a>. \u00ab\u00a0On s&rsquo;est rencontr\u00e9s il y a trois ans, et je travaillais avec une \u00e9quipe depuis plus de dix ans maintenant\u00a0\u00bb, avait confi\u00e9 la chanteuse au micro d&rsquo;Europe 1. \u00ab\u00a0On partage \u00e9norm\u00e9ment de moments de musique \u00e0 la maison surtout avec notre fille. On adore faire de la musique. C&rsquo;est tr\u00e8s joyeux chez nous, mais pour le travail on aime s\u00e9parer les choses\u00a0\u00bb, avait-elle ajout\u00e9. Mais les parents de Ghjulia sont d\u00e9sormais s\u00e9par\u00e9s. De retour au micro des Grosses T\u00eates sur RTL apr\u00e8s une longue absence, ce lundi 1er septembre, Joyce Jonathan a annonc\u00e9 sa s\u00e9paration avec Martial Paoli apr\u00e8s que <a href=\"https:\/\/www.programme-tv.net\/biographie\/534-ruquier-laurent\/\" data-link-people=\"dd4ff7d1-a72b-4b67-a7ba-3f07ccd164cd\" target=\"_blank\" rel=\"noopener\">Laurent Ruquier<\/a> a vendu la m\u00e8che. <b>\u00ab\u00a0Avec Joyce, on a fait L&rsquo;Orient Express avec nos conjoints respectifs. Depuis, on ne les a plus ni l&rsquo;un ni l&rsquo;autre\u00a0\u00bb<\/b>, a balanc\u00e9 l&rsquo;animateur, provoquant les rires de ses soci\u00e9taires. <b>\u00ab\u00a0C&rsquo;est tout \u00e0 fait vrai\u00a0\u00bb<\/b>, a rebondi l&rsquo;interpr\u00e8te du tube \u00c7a ira, confirmant ainsi qu&rsquo;elle n&rsquo;est plus en couple avec le p\u00e8re de sa fille. \u00ab\u00a0Ne partez jamais avec ce train !\u00a0\u00bb, a conclu Laurent Ruquier avec humour.<\/p>\n<p>                        Joyce Jonathan partage ses retrouvailles avec son ex Gabriel Attal<\/p>\n<p>Avant la rentr\u00e9e, Joyce Jonathan a profit\u00e9 de vacances bien m\u00e9rit\u00e9es en Corse, o\u00f9 elle a retrouv\u00e9 un autre ex : <a href=\"https:\/\/www.programme-tv.net\/biographie\/389037-attal-gabriel\/\" data-link-people=\"daad7723-732d-4025-9b8a-52b05c385920\" target=\"_blank\" rel=\"noopener\">Gabriel Attal<\/a>. Sur son compte Instagram, la chanteuse a partag\u00e9 <a href=\"https:\/\/www.programme-tv.net\/news\/people\/385489-joyce-jonathan-partage-ses-retrouvailles-avec-son-ex-gabriel-attal\/\" data-api-deeplink=\"teleloisirs:\/\/news\/385489\" target=\"_blank\" rel=\"noopener\">une photo avec l&rsquo;ancien Premier ministre<\/a>, avec qui elle avait v\u00e9cu <a href=\"https:\/\/www.programme-tv.net\/news\/tv\/345694-gabriel-attal-son-ancienne-amoureuse-joyce-jonathan-revele-comment-elle-a-reagi-a-sa-nomination-de-premier-ministre-et-evoque-leur-relation\/\" data-api-deeplink=\"teleloisirs:\/\/news\/345694\" target=\"_blank\" rel=\"noopener\">\u00ab\u00a0une amourette de coll\u00e8ge\u00a0\u00bb<\/a>. \u00ab\u00a0Retrouver l\u2019unique Gabriel Attal apr\u00e8s un d\u00e9jeuner magique\u00a0\u00bb, a-t-elle \u00e9crit en l\u00e9gende de ce clich\u00e9, qui a suscit\u00e9 de nombreuses r\u00e9actions.<\/p>\n","protected":false},"excerpt":{"rendered":"En 2019, Joyce Jonathan est tomb\u00e9e amoureuse du pianiste Martial Paoli, avec qui elle a eu une petite&hellip;\n","protected":false},"author":2,"featured_media":358970,"comment_status":"","ping_status":"","sticky":false,"template":"","format":"standard","meta":{"footnotes":""},"categories":[1359],"tags":[58,59,1011,27,13687,973],"class_list":{"0":"post-358969","1":"post","2":"type-post","3":"status-publish","4":"format-standard","5":"has-post-thumbnail","7":"category-people","8":"tag-divertissement","9":"tag-entertainment","10":"tag-fr","11":"tag-france","12":"tag-les-grosses-tu00eates","13":"tag-people"},"share_on_mastodon":{"url":"https:\/\/pubeurope.com\/@fr\/115130613347892091","error":""},"_links":{"self":[{"href":"https:\/\/www.europesays.com\/fr\/wp-json\/wp\/v2\/posts\/358969","targetHints":{"allow":["GET"]}}],"collection":[{"href":"https:\/\/www.europesays.com\/fr\/wp-json\/wp\/v2\/posts"}],"about":[{"href":"https:\/\/www.europesays.com\/fr\/wp-json\/wp\/v2\/types\/post"}],"author":[{"embeddable":true,"href":"https:\/\/www.europesays.com\/fr\/wp-json\/wp\/v2\/users\/2"}],"replies":[{"embeddable":true,"href":"https:\/\/www.europesays.com\/fr\/wp-json\/wp\/v2\/comments?post=358969"}],"version-history":[{"count":0,"href":"https:\/\/www.europesays.com\/fr\/wp-json\/wp\/v2\/posts\/358969\/revisions"}],"wp:featuredmedia":[{"embeddable":true,"href":"https:\/\/www.europesays.com\/fr\/wp-json\/wp\/v2\/media\/358970"}],"wp:attachment":[{"href":"https:\/\/www.europesays.com\/fr\/wp-json\/wp\/v2\/media?parent=358969"}],"wp:term":[{"taxonomy":"category","embeddable":true,"href":"https:\/\/www.europesays.com\/fr\/wp-json\/wp\/v2\/categories?post=358969"},{"taxonomy":"post_tag","embeddable":true,"href":"https:\/\/www.europesays.com\/fr\/wp-json\/wp\/v2\/tags?post=358969"}],"curies":[{"name":"wp","href":"https:\/\/api.w.org\/{rel}","templated":true}]}}