{"id":358979,"date":"2025-09-01T19:12:17","date_gmt":"2025-09-01T19:12:17","guid":{"rendered":"https:\/\/www.europesays.com\/fr\/358979\/"},"modified":"2025-09-01T19:12:17","modified_gmt":"2025-09-01T19:12:17","slug":"lacteur-warwick-davis-reprend-son-role-de-filius-flitwick-dans-la-serie-hbo","status":"publish","type":"post","link":"https:\/\/www.europesays.com\/fr\/358979\/","title":{"rendered":"l&rsquo;acteur Warwick Davis reprend son r\u00f4le de Filius Flitwick dans la s\u00e9rie HBO"},"content":{"rendered":"<p>La s\u00e9rie \u00ab\u00a0Harry Potter\u00a0\u00bb ne cesse d&rsquo;\u00e9toffer son casting. L&rsquo;acteur Warwick Davis, qui jouait dans les films tir\u00e9s de la saga, reprend son r\u00f4le dans la s\u00e9rie.<\/p>\n<p>Les fans de Harry Potter le connaissent bien. L&rsquo;acteur britannique Warwick Davis, qui incarnait dans les films tir\u00e9s de la saga litt\u00e9raire de J. K. Rowking, le professeur Flitwick, va reprendre ce r\u00f4le dans la s\u00e9rie HBO, en pr\u00e9paration.<\/p>\n<p>Warwick Davis incarnait d&rsquo;ailleurs plusieurs personnages, en plus du professeur, il \u00e9tait aussi le gobelin Bank Teller (dans Harry Potter \u00e0 l&rsquo;\u00e9cole des sorciers), ou encore Gripsec (dans Harry Potter et les reliques de la mort).<\/p>\n<p>\u00c0 ses c\u00f4t\u00e9s, l&rsquo;\u00e9quipe enseignante de Poudlard s&rsquo;est \u00e9toff\u00e9e de plusieurs membres. L&rsquo;actrice Sirine Saba incarne la professeure d&rsquo;herbologie Pomona Sprout, Richard Durden est le professeur fantomatique Cuthbert Binns et Br\u00edd Brennan joue l&rsquo;infirmi\u00e8re Madame Pomfresh.<\/p>\n<p>D&rsquo;autres personnages embl\u00e9matiques avaient d\u00e9j\u00e0 \u00e9t\u00e9 annonc\u00e9s ces derniers mois. HBO a ainsi officiellement confirm\u00e9 la pr\u00e9sence de <strong><a href=\"https:\/\/www.bfmtv.com\/people\/series\/harry-potter-l-acteur-john-lithgow-confirme-qu-il-incarnera-bien-dumbledore-dans-la-serie-de-hbo_AN-202502250808.html\" title=\"&quot;Harry Potter&quot;: l&#039;acteur John Lithgow confirme qu&#039;il incarnera bien Dumbledore dans la s\u00e9rie de HBO\" class=\"internal_link\" rel=\"nofollow noopener\" target=\"_blank\">John Lithgow<\/a><\/strong> (Albus Dumbledore), <strong><a href=\"https:\/\/www.bfmtv.com\/people\/series\/harry-potter-l-acteur-britannique-paapa-essiedu-pressenti-pour-incarner-rogue_AN-202412050379.html\" title=\"&quot;Harry Potter&quot;: l&#039;acteur britannique Paapa Essiedu pressenti pour incarner Rogue\" class=\"internal_link\" rel=\"nofollow noopener\" target=\"_blank\">Paapa Essiedu<\/a><\/strong> (Rogue), <strong><a href=\"https:\/\/www.bfmtv.com\/people\/series\/harry-potter-l-actrice-janet-mc-teer-pressentie-pour-incarner-minerva-mc-gonagall-dans-la-serie_AN-202503080283.html\" title=\"&quot;Harry Potter&quot;: l&#039;actrice Janet McTeer pressentie pour incarner Minerva McGonagall dans la s\u00e9rie\" class=\"internal_link\" rel=\"nofollow noopener\" target=\"_blank\">Janet McTeer<\/a><\/strong> (McGonagall) et <strong><a href=\"https:\/\/www.bfmtv.com\/people\/series\/harry-potter-nick-frost-choisi-pour-incarner-hagrid-dans-la-serie-de-hbo_AN-202503260278.html\" title=\"&quot;Harry Potter&quot;: Nick Frost choisi pour incarner Hagrid dans la s\u00e9rie de HBO\" class=\"internal_link\" rel=\"nofollow noopener\" target=\"_blank\">Nick Frost<\/a><\/strong> (Hagrid).<\/p>\n<p>Tournage en cours<\/p>\n<p>C&rsquo;est le jeune acteur Dominic McLaughlin qui a \u00e9t\u00e9 choisi pour incarner le petit sorcier.<\/p>\n<p>Le tournage de la s\u00e9rie a commenc\u00e9 en ao\u00fbt, dans les studios de Warner Bros. de Leavesden, au nord de Londres. C&rsquo;est dans ces immenses studios de 50.000 m2 que la premi\u00e8re adaptation cin\u00e9matographique de Harry Potter a \u00e9t\u00e9 film\u00e9e dans les ann\u00e9es 2000.<\/p>\n<p>Harry Potter version HBO ambitionne d&rsquo;<strong><a href=\"https:\/\/www.bfmtv.com\/people\/series\/harry-potter-le-realisateur-des-premiers-films-trouve-fantastique-l-adaptation-en-serie-de-hbo_AN-202501200508.html\" title=\"&quot;Harry Potter&quot;: le r\u00e9alisateur des premiers films trouve &quot;fantastique&quot; l&#039;adaptation en s\u00e9rie de HBO\" class=\"internal_link\" rel=\"nofollow noopener\" target=\"_blank\">adapter au plus pr\u00e8s<\/a><\/strong> les sept ouvrages de J.K. Rowling. La productrice Francesca Gardiner souhaite montrer davantage la vie quotidienne de Poudlard &#8211; et mettre notamment en avant Peeves, l&rsquo;esprit frappeur de Poudlard.<\/p>\n<p>La s\u00e9rie est con\u00e7ue <strong><a href=\"https:\/\/www.bfmtv.com\/people\/series\/serie-harry-potter-warner-bros-defend-j-k-rowling-sur-ses-opinions-sur-les-transgenres_AN-202411240362.html\" title=\"S\u00e9rie &quot;Harry Potter&quot;: Warner Bros. d\u00e9fend J.K. Rowling sur ses opinions sur les transgenres\" class=\"internal_link\" rel=\"nofollow noopener\" target=\"_blank\">avec le soutien de J.K. Rowling<\/a><\/strong>, malgr\u00e9 les accusations de transphobie qui la visent. La cha\u00eene am\u00e9ricaine pr\u00e9voit un lancement en 2027, soit 30 ans apr\u00e8s la parution du premier roman de la saga.<\/p>\n","protected":false},"excerpt":{"rendered":"La s\u00e9rie \u00ab\u00a0Harry Potter\u00a0\u00bb ne cesse d&rsquo;\u00e9toffer son casting. L&rsquo;acteur Warwick Davis, qui jouait dans les films tir\u00e9s&hellip;\n","protected":false},"author":2,"featured_media":358980,"comment_status":"","ping_status":"","sticky":false,"template":"","format":"standard","meta":{"footnotes":""},"categories":[1354],"tags":[58,59,1346,1011,27,1360],"class_list":{"0":"post-358979","1":"post","2":"type-post","3":"status-publish","4":"format-standard","5":"has-post-thumbnail","7":"category-films","8":"tag-divertissement","9":"tag-entertainment","10":"tag-films","11":"tag-fr","12":"tag-france","13":"tag-movies"},"share_on_mastodon":{"url":"https:\/\/pubeurope.com\/@fr\/115130633245569377","error":""},"_links":{"self":[{"href":"https:\/\/www.europesays.com\/fr\/wp-json\/wp\/v2\/posts\/358979","targetHints":{"allow":["GET"]}}],"collection":[{"href":"https:\/\/www.europesays.com\/fr\/wp-json\/wp\/v2\/posts"}],"about":[{"href":"https:\/\/www.europesays.com\/fr\/wp-json\/wp\/v2\/types\/post"}],"author":[{"embeddable":true,"href":"https:\/\/www.europesays.com\/fr\/wp-json\/wp\/v2\/users\/2"}],"replies":[{"embeddable":true,"href":"https:\/\/www.europesays.com\/fr\/wp-json\/wp\/v2\/comments?post=358979"}],"version-history":[{"count":0,"href":"https:\/\/www.europesays.com\/fr\/wp-json\/wp\/v2\/posts\/358979\/revisions"}],"wp:featuredmedia":[{"embeddable":true,"href":"https:\/\/www.europesays.com\/fr\/wp-json\/wp\/v2\/media\/358980"}],"wp:attachment":[{"href":"https:\/\/www.europesays.com\/fr\/wp-json\/wp\/v2\/media?parent=358979"}],"wp:term":[{"taxonomy":"category","embeddable":true,"href":"https:\/\/www.europesays.com\/fr\/wp-json\/wp\/v2\/categories?post=358979"},{"taxonomy":"post_tag","embeddable":true,"href":"https:\/\/www.europesays.com\/fr\/wp-json\/wp\/v2\/tags?post=358979"}],"curies":[{"name":"wp","href":"https:\/\/api.w.org\/{rel}","templated":true}]}}