{"id":358991,"date":"2025-09-01T19:18:14","date_gmt":"2025-09-01T19:18:14","guid":{"rendered":"https:\/\/www.europesays.com\/fr\/358991\/"},"modified":"2025-09-01T19:18:14","modified_gmt":"2025-09-01T19:18:14","slug":"apres-les-incendies-en-espagne-le-premier-ministre-appelle-a-lunite-nationale-face-a-lurgence-climatique","status":"publish","type":"post","link":"https:\/\/www.europesays.com\/fr\/358991\/","title":{"rendered":"Apr\u00e8s les incendies en Espagne, le premier ministre appelle \u00e0 l\u2019unit\u00e9 nationale face \u00e0 \u00ab\u00a0l\u2019urgence climatique\u00a0\u00bb"},"content":{"rendered":"<p>                          <img loading=\"lazy\" decoding=\"async\" src=\"https:\/\/www.europesays.com\/fr\/wp-content\/uploads\/2025\/09\/d4f9910_upload-1-bm2itguuywrb-000-726b6we.jpg\" alt=\"Lors d\u2019un incendie de for\u00eat en Castille-et-L\u00e9on, dans le nord-ouest de l\u2019Espagne, le 20\u00a0ao\u00fbt 2025.\"   width=\"664\" height=\"443\"\/>    Lors d\u2019un incendie de for\u00eat en Castille-et-L\u00e9on, dans le nord-ouest de l\u2019Espagne, le 20\u00a0ao\u00fbt 2025.  AFP\/S\u00c9CURIT\u00c9 CIVILE DE FRANCE                    <\/p>\n<p class=\"article__paragraph  \">Apr\u00e8s un \u00e9t\u00e9 marqu\u00e9 par une vague de chaleur et des incendies historiques, le premier ministre espagnol, Pedro Sanchez, a appel\u00e9, lundi 1er\u00a0septembre, \u00e0 l\u2019unit\u00e9 nationale face \u00e0 \u00ab\u00a0l\u2019urgence climatique\u00a0\u00bb, faisant de la pr\u00e9vention des feux de for\u00eat, \u00ab\u00a0clairement insuffisante\u00a0\u00bb \u00e0 ses yeux, une priorit\u00e9.<\/p>\n<p class=\"article__paragraph  \">Pour sa rentr\u00e9e politique, le chef de gouvernement, socialiste, a d\u00e9taill\u00e9 les propositions du \u00ab\u00a0pacte national pour faire face \u00e0 l\u2019urgence climatique\u00a0\u00bb qu\u2019il avait annonc\u00e9 au c\u0153ur du mois d\u2019ao\u00fbt, pendant la vague d\u2019incendies qui avait caus\u00e9 la mort de quatre personnes et ravag\u00e9 quelque 330\u00a0000\u00a0hectares en une quinzaine de jours, essentiellement dans l\u2019ouest du pays.<\/p>\n<p class=\"article__paragraph  \">En cause, selon lui, concernant ces feux de for\u00eat d\u00e9vastateurs\u00a0: une politique de pr\u00e9vention \u00ab\u00a0clairement insuffisante\u00a0\u00bb, une gestion du territoire \u00ab\u00a0inad\u00e9quate\u00a0\u00bb et \u00ab\u00a0l\u2019urgence climatique, qui fait que les incendies sont aujourd\u2019hui plus virulents\u00a0\u00bb.<\/p>\n<p class=\"article__paragraph  \">\u00ab\u00a0Les incendies de sixi\u00e8me g\u00e9n\u00e9ration, c\u2019est ainsi qu\u2019on appelle les incendies qui ont ravag\u00e9 plus de 300\u00a0000\u00a0hectares dans notre pays, ne s\u2019\u00e9teignent pas en \u00e9t\u00e9, ils s\u2019\u00e9teignent (\u2026) en travaillant tous les jours de l\u2019ann\u00e9e\u00a0\u00bb, a plaid\u00e9 Pedro Sanchez.<\/p>\n<p>                                 Lire aussi |  <a href=\"https:\/\/www.lemonde.fr\/international\/article\/2025\/08\/19\/les-incendies-en-espagne-ont-brule-30-000-hectares-supplementaires-en-vingt-quatre-heures_6631915_3210.html\" class=\"js-article-read-also catcher--favoris__link\" data-premium=\"\" id=\"article-title-3434803\" rel=\"nofollow noopener\" target=\"_blank\">Incendies en Espagne\u00a0: \u00ab\u00a0il nous reste des heures difficiles\u00a0\u00bb, pr\u00e9vient Pedro Sanchez, alors que 30\u00a0000\u00a0hectares ont br\u00fbl\u00e9 en vingt-quatre\u00a0heures<\/a>    <\/p>\n<p>   Lire plus tard  <\/p>\n<p class=\"article__paragraph  \">Ces feux sont survenus notamment \u00e0 la faveur de la plus intense vague de chaleur jamais connue par le pays depuis le d\u00e9but des relev\u00e9s de l\u2019agence m\u00e9t\u00e9orologique espagnole, en\u00a01975. Ils ont caus\u00e9 environ 1\u00a0149 morts entre le 3 et le 18\u00a0ao\u00fbt, selon des estimations de l\u2019Institut de recherche en sant\u00e9 publique Carlos\u00a0III.<\/p>\n<p>              Pol\u00e9miques opposant gouvernement et opposition              <\/p>\n<p class=\"article__paragraph  \">Ils ont frapp\u00e9 le c\u0153ur rural de l\u2019Espagne, tr\u00e8s d\u00e9peupl\u00e9 aujourd\u2019hui, mais o\u00f9 pendant longtemps activit\u00e9 agricole et \u00e9levage contribuaient notamment \u00e0 nettoyer les champs des broussailles et cr\u00e9aient des barri\u00e8res contre les incendies.<\/p>\n<p class=\"article__paragraph  \">Comme lors des inondations meurtri\u00e8res qui avaient frapp\u00e9 la r\u00e9gion de Valence en octobre\u00a02024, ces incendies ont \u00e9t\u00e9 l\u2019objet d\u2019intenses pol\u00e9miques opposant le gouvernement central de Pedro Sanchez et son opposition de droite, qui dirige les r\u00e9gions o\u00f9 ils ont \u00e9t\u00e9 le plus d\u00e9vastateurs.<\/p>\n<p class=\"article__paragraph  \">Le gouvernement a accus\u00e9 les conservateurs du Parti populaire (PP) de nier le changement climatique et d\u2019avoir n\u00e9glig\u00e9 les programmes de pr\u00e9vention dans les r\u00e9gions qu\u2019ils dirigent. Le PP, lui, attribue en grande partie la responsabilit\u00e9 de ces incendies \u00e0 des pyromanes et accuse le gouvernement central de ne pas avoir fourni suffisamment de moyens et de renforts.<\/p>\n<p class=\"article__paragraph  \">\u00ab\u00a0Les effets de l\u2019urgence climatique deviennent de plus en plus graves et s\u2019acc\u00e9l\u00e8rent, d\u00e9passant toutes les pr\u00e9visions scientifiques faites il y a des ann\u00e9es\u00a0\u00bb, a d\u00e9clar\u00e9 lundi le premier ministre.<\/p>\n<p class=\"article__paragraph  \">\u00ab\u00a0Si nous voulons que les prochains \u00e9t\u00e9s ne nous apportent pas de nouveaux malheurs et que les prochains automnes ne nous frappent pas de la mani\u00e8re dont ils nous frappent, avec des inondations, nous devons agir d\u00e8s maintenant et nous devons le faire ensemble\u00a0\u00bb, a plaid\u00e9 Pedro Sanchez. \u00ab\u00a0Laissons de c\u00f4t\u00e9 les disputes sur les comp\u00e9tences [des r\u00e9gions et de l\u2019Etat], les disputes territoriales et partisanes\u00a0\u00bb, a-t-il insist\u00e9.<\/p>\n<p>              Des mesures pour l\u2019avenir              <\/p>\n<p class=\"article__paragraph  \">Parmi les mesures qu\u2019il entend mettre en \u0153uvre gr\u00e2ce au \u00ab\u00a0pacte national\u00a0\u00bb qu\u2019il a pr\u00e9sent\u00e9, Pedro Sanchez a \u00e9voqu\u00e9 la cr\u00e9ation de fonds pour permettre des travaux de nettoyage ou de construction dans les municipalit\u00e9s touch\u00e9es par les incendies, le maintien de moyens de lutte (pompiers, agents forestiers,\u00a0etc.) tout au long de l\u2019ann\u00e9e, ou encore l\u2019am\u00e9lioration de la coordination de la gestion de ces crises entre gouvernement central et autorit\u00e9s r\u00e9gionales.<\/p>\n<p class=\"article__paragraph  \">Il a aussi plaid\u00e9 pour la mise en \u0153uvre de moyens visant \u00e0 \u00ab\u00a0avancer vers un mod\u00e8le de gestion foresti\u00e8re\u00a0\u00bb adapt\u00e9 au XXIe\u00a0si\u00e8cle et \u00e0 lutter contre le d\u00e9peuplement des zones rurales du pays.<\/p>\n<p class=\"article__paragraph  \">Intervenant quelques minutes apr\u00e8s Pedro Sanchez, le leader du PP, Alberto Nu\u00f1ez Feijoo, qui avait lui-m\u00eame pr\u00e9sent\u00e9 il y a quelques jours ses propositions pour lutter contre les incendies, a pr\u00e9f\u00e9r\u00e9 placer sa rentr\u00e9e sous le signe d\u2019attaques visant directement le premier ministre, appelant une nouvelle fois \u00e0 sa d\u00e9mission s\u2019il ne parvenait pas \u00e0 faire adopter un budget en septembre.<\/p>\n<p class=\"article__paragraph  \">Dans un climat politique tr\u00e8s polaris\u00e9, le chef de gouvernement va en effet devoir se livrer de nouveau \u00e0 un num\u00e9ro d\u2019\u00e9quilibriste lors de cette rentr\u00e9e\u00a0: sans majorit\u00e9 au Parlement, il va aussi faire face \u00e0 une rentr\u00e9e judiciaire charg\u00e9e, plusieurs de ses proches \u00e9tant mis en cause dans des affaires de corruption.<\/p>\n<p class=\"author__detail\">  Le Monde avec AFP  <\/p>\n","protected":false},"excerpt":{"rendered":"Lors d\u2019un incendie de for\u00eat en Castille-et-L\u00e9on, dans le nord-ouest de l\u2019Espagne, le 20\u00a0ao\u00fbt 2025. AFP\/S\u00c9CURIT\u00c9 CIVILE DE&hellip;\n","protected":false},"author":2,"featured_media":358992,"comment_status":"","ping_status":"","sticky":false,"template":"","format":"standard","meta":{"footnotes":""},"categories":[5],"tags":[11,1011,27,14,12,28],"class_list":{"0":"post-358991","1":"post","2":"type-post","3":"status-publish","4":"format-standard","5":"has-post-thumbnail","7":"category-international","8":"tag-actualites","9":"tag-fr","10":"tag-france","11":"tag-international","12":"tag-news","13":"tag-world"},"share_on_mastodon":{"url":"https:\/\/pubeurope.com\/@fr\/115130656718328761","error":""},"_links":{"self":[{"href":"https:\/\/www.europesays.com\/fr\/wp-json\/wp\/v2\/posts\/358991","targetHints":{"allow":["GET"]}}],"collection":[{"href":"https:\/\/www.europesays.com\/fr\/wp-json\/wp\/v2\/posts"}],"about":[{"href":"https:\/\/www.europesays.com\/fr\/wp-json\/wp\/v2\/types\/post"}],"author":[{"embeddable":true,"href":"https:\/\/www.europesays.com\/fr\/wp-json\/wp\/v2\/users\/2"}],"replies":[{"embeddable":true,"href":"https:\/\/www.europesays.com\/fr\/wp-json\/wp\/v2\/comments?post=358991"}],"version-history":[{"count":0,"href":"https:\/\/www.europesays.com\/fr\/wp-json\/wp\/v2\/posts\/358991\/revisions"}],"wp:featuredmedia":[{"embeddable":true,"href":"https:\/\/www.europesays.com\/fr\/wp-json\/wp\/v2\/media\/358992"}],"wp:attachment":[{"href":"https:\/\/www.europesays.com\/fr\/wp-json\/wp\/v2\/media?parent=358991"}],"wp:term":[{"taxonomy":"category","embeddable":true,"href":"https:\/\/www.europesays.com\/fr\/wp-json\/wp\/v2\/categories?post=358991"},{"taxonomy":"post_tag","embeddable":true,"href":"https:\/\/www.europesays.com\/fr\/wp-json\/wp\/v2\/tags?post=358991"}],"curies":[{"name":"wp","href":"https:\/\/api.w.org\/{rel}","templated":true}]}}