{"id":358997,"date":"2025-09-01T19:21:12","date_gmt":"2025-09-01T19:21:12","guid":{"rendered":"https:\/\/www.europesays.com\/fr\/358997\/"},"modified":"2025-09-01T19:21:12","modified_gmt":"2025-09-01T19:21:12","slug":"unieux-une-rentree-rythmee-pour-le-groupe-de-country","status":"publish","type":"post","link":"https:\/\/www.europesays.com\/fr\/358997\/","title":{"rendered":"Unieux. Une rentr\u00e9e rythm\u00e9e pour le groupe de country"},"content":{"rendered":"<p>Le groupe de country reprend ses activit\u00e9s le 8\u00a0septembre \u00e0 18\u00a0heures, mais les coaches et quelques danseurs passionn\u00e9s ont d\u00e9j\u00e0 foul\u00e9, d\u00e8s la fin ao\u00fbt, le plancher du gymnase de l\u2019Arc-en-Ciel pour pr\u00e9parer une rentr\u00e9e qui promet d\u2019\u00eatre active comme l\u2019a \u00e9t\u00e9 le mois de juin.<\/p>\n<p>Deux moments forts en juin<\/p>\n<p>Les danseurs de country d\u2019Unieux, forts de leurs quelque 35 adh\u00e9rents, sont tr\u00e8s actifs au sein de la grande famille des pratiquants de la&#8230;<\/p>\n","protected":false},"excerpt":{"rendered":"Le groupe de country reprend ses activit\u00e9s le 8\u00a0septembre \u00e0 18\u00a0heures, mais les coaches et quelques danseurs passionn\u00e9s&hellip;\n","protected":false},"author":2,"featured_media":358998,"comment_status":"","ping_status":"","sticky":false,"template":"","format":"standard","meta":{"footnotes":""},"categories":[9653],"tags":[1111,11,2430,1687,7539,1777,674,1011,27,12,25,4001,14024,14025],"class_list":{"0":"post-358997","1":"post","2":"type-post","3":"status-publish","4":"format-standard","5":"has-post-thumbnail","7":"category-saint-etienne","8":"tag-actu","9":"tag-actualites","10":"tag-auvergne-rhone-alpes","11":"tag-culture-loisirs","12":"tag-edition-loire-sud","13":"tag-eu","14":"tag-europe","15":"tag-fr","16":"tag-france","17":"tag-news","18":"tag-republique-francaise","19":"tag-saint-etienne","20":"tag-unieux","21":"tag-unieux-bassin"},"share_on_mastodon":{"url":"https:\/\/pubeurope.com\/@fr\/115130668340223021","error":""},"_links":{"self":[{"href":"https:\/\/www.europesays.com\/fr\/wp-json\/wp\/v2\/posts\/358997","targetHints":{"allow":["GET"]}}],"collection":[{"href":"https:\/\/www.europesays.com\/fr\/wp-json\/wp\/v2\/posts"}],"about":[{"href":"https:\/\/www.europesays.com\/fr\/wp-json\/wp\/v2\/types\/post"}],"author":[{"embeddable":true,"href":"https:\/\/www.europesays.com\/fr\/wp-json\/wp\/v2\/users\/2"}],"replies":[{"embeddable":true,"href":"https:\/\/www.europesays.com\/fr\/wp-json\/wp\/v2\/comments?post=358997"}],"version-history":[{"count":0,"href":"https:\/\/www.europesays.com\/fr\/wp-json\/wp\/v2\/posts\/358997\/revisions"}],"wp:featuredmedia":[{"embeddable":true,"href":"https:\/\/www.europesays.com\/fr\/wp-json\/wp\/v2\/media\/358998"}],"wp:attachment":[{"href":"https:\/\/www.europesays.com\/fr\/wp-json\/wp\/v2\/media?parent=358997"}],"wp:term":[{"taxonomy":"category","embeddable":true,"href":"https:\/\/www.europesays.com\/fr\/wp-json\/wp\/v2\/categories?post=358997"},{"taxonomy":"post_tag","embeddable":true,"href":"https:\/\/www.europesays.com\/fr\/wp-json\/wp\/v2\/tags?post=358997"}],"curies":[{"name":"wp","href":"https:\/\/api.w.org\/{rel}","templated":true}]}}