{"id":359005,"date":"2025-09-01T19:27:12","date_gmt":"2025-09-01T19:27:12","guid":{"rendered":"https:\/\/www.europesays.com\/fr\/359005\/"},"modified":"2025-09-01T19:27:12","modified_gmt":"2025-09-01T19:27:12","slug":"les-images-spectaculaires-de-la-super-cellule-orageuse-au-dessus-du-var-et-des-alpes-maritimes-ce-lundi-soir","status":"publish","type":"post","link":"https:\/\/www.europesays.com\/fr\/359005\/","title":{"rendered":"Les images spectaculaires de la super cellule orageuse au-dessus du Var et des Alpes-Maritimes ce lundi soir"},"content":{"rendered":"<p>Si l&rsquo;\u00e9pisode m\u00e9diterran\u00e9en a particuli\u00e8rement touch\u00e9 le Gard et le Vaucluse ce lundi 1er septembre, les Alpes-Maritimes et le Var faisaient face \u00e0 des orages ce lundi dans la soir\u00e9e, notamment au niveau de Fr\u00e9jus\/Saint-Rapha\u00ebl mais aussi de Cannes.<\/p>\n<p>Sur Facebook, <a href=\"https:\/\/www.facebook.com\/meteoCA\" target=\"_blank\" rel=\"noopener\">M\u00e9t\u00e9o C\u00f4te d&rsquo;Azur<\/a> a publi\u00e9 des clich\u00e9s impressionnants d&rsquo;une super cellule orageuse passant au-dessus de l&rsquo;Est\u00e9rel.<\/p>\n<p>\u00ab\u00a0Cette supercellule orageuse est accompagn\u00e9e d\u2019un front de rafales spectaculaire et dangereux. Il marque la limite entre l\u2019air froid expuls\u00e9 par l\u2019orage et l\u2019environnement. La voici en train d\u2019entrer dans l\u2019Est\u00e9rel avant de glisser au large de Cannes-Mandelieu. Des pluies orageuses concernent actuellement le secteur, mais l\u2019essentiel de l\u2019activit\u00e9 se situe en mer.\u00a0\u00bb a pr\u00e9cis\u00e9 la page Facebook d\u00e9di\u00e9e \u00e0 la m\u00e9t\u00e9o.<\/p>\n<p>Le Var \u00e9tait plac\u00e9\u00a0<a href=\"https:\/\/www.varmatin.com\/meteo\/une-supercellule-orageuse-se-rapproche-du-var-au-moins-40-a-50mm-de-pluie-attendus-entre-saint-cyr-et-le-lavandou-1000103\" target=\"_blank\" rel=\"noopener\">en vigilance orange pour orages et pluie-inondation<\/a> jusqu\u2019\u00e0 18 heures. Un cumul de pr\u00e9cipitations\u00a0allant\u00a0jusqu\u2019\u00e0 80mm en cas de stationnarit\u00e9 \u00e9tait attendu.<\/p>\n<p>              <img ci-src=\"https:\/\/www.nicematin.com\/meteo\/541013859_1474519177034885_5821009896608840028_n-54BdfSqq.jpg?vh=54eedd&amp;ci_seal=1b3862b71a\" alt=\"\"\/><br \/>\n        A Sainte-Maxime. <strong>Photo Olivia Waldorf.<\/strong> <\/p>\n<p>              <img ci-src=\"https:\/\/www.nicematin.com\/meteo\/541611940_751185107833362_4199477087862242705_n-yGXEIBna.jpg?vh=54e8e1&amp;ci_seal=b9f808de48\" alt=\"\"\/><\/p>\n<p>              <img ci-src=\"https:\/\/www.nicematin.com\/meteo\/541021459_630552419805111_1736289017192343308_n-wX6Lh4I1.jpg?vh=fe2d2f&amp;ci_seal=f61397c003\" alt=\"\"\/><\/p>\n<p>              <img ci-src=\"https:\/\/www.nicematin.com\/meteo\/541660216_1214737620683716_3426284730692984108_n-YxoBkOMF.jpg?vh=449192&amp;ci_seal=03e04ffe1a\" alt=\"\"\/><br \/>\n        A Saint-Rapha\u00ebl. <strong>Photo Annie Jourquin via M\u00e9t\u00e9o C\u00f4te d&rsquo;Azur.<\/strong> <\/p>\n<p>              <img ci-src=\"https:\/\/www.nicematin.com\/meteo\/543050275_1214750277349117_5234564563324052987_n-c5Tgkb7r.jpg?vh=b0641f&amp;ci_seal=88f3bd895d\" alt=\"\"\/><br \/>\n        A Cannes. <strong>Photo Franck Martini via M\u00e9t\u00e9o C\u00f4te d&rsquo;Azur.<\/strong> <\/p>\n<p>        \u00e0 lire aussi<\/p>\n<p><a href=\"https:\/\/www.nicematin.com\/meteo\/fortes-lames-d-eau-risque-localise-de-tornade-les-images-des-intemperies-dans-le-sud-est-et-les-previsions-pour-les-heures-a-venir-1000043\" target=\"_blank\" rel=\"noopener\">\u00ab\u00a0Fortes lames d&rsquo;eau\u00a0\u00bb, \u00ab\u00a0risque localis\u00e9 de tornade\u00a0\u00bb: les images des intemp\u00e9ries dans le Sud-Est et les pr\u00e9visions pour les heures \u00e0 venir<\/a><\/p>\n<p>              <img ci-src=\"https:\/\/www.nicematin.com\/meteo\/542048605_1214737607350384_7090836631679011671_n-NV08nvyK.jpg?vh=9177be&amp;ci_seal=2736f5ac07\" alt=\"\"\/><br \/>\n        A Saint-Rapha\u00ebl. <strong>Photo Annie Jourquin via M\u00e9t\u00e9o C\u00f4te d&rsquo;Azur.<\/strong> <\/p>\n<p>              <img ci-src=\"https:\/\/www.nicematin.com\/meteo\/541336982_1214735570683921_7105402082931826299_n-M96l1xBd.jpg?vh=3404e1&amp;ci_seal=1f628205a1\" alt=\"\"\/><br \/>\n        A Fr\u00e9jus. <strong>Photo Val\u00e9rie Martinet Immo via M\u00e9t\u00e9o C\u00f4te d&rsquo;Azur.<\/strong> <\/p>\n<p>              <img ci-src=\"https:\/\/www.nicematin.com\/meteo\/541225830_1214737594017052_1438927461993151537_n-GYPfTVMq.jpg?vh=656f4b&amp;ci_seal=3df0879ce9\" alt=\"\"\/><br \/>\n        Au Trayas. <strong>Photo Carmen Ipinza via M\u00e9t\u00e9o C\u00f4te d&rsquo;Azur.<\/strong> <\/p>\n","protected":false},"excerpt":{"rendered":"Si l&rsquo;\u00e9pisode m\u00e9diterran\u00e9en a particuli\u00e8rement touch\u00e9 le Gard et le Vaucluse ce lundi 1er septembre, les Alpes-Maritimes et&hellip;\n","protected":false},"author":2,"featured_media":359006,"comment_status":"","ping_status":"","sticky":false,"template":"","format":"standard","meta":{"footnotes":""},"categories":[9619],"tags":[1111,11,1777,674,1011,27,2487,12,882,25,2310],"class_list":{"0":"post-359005","1":"post","2":"type-post","3":"status-publish","4":"format-standard","5":"has-post-thumbnail","7":"category-toulon","8":"tag-actu","9":"tag-actualites","10":"tag-eu","11":"tag-europe","12":"tag-fr","13":"tag-france","14":"tag-meteo","15":"tag-news","16":"tag-provence-alpes-cote-dazur","17":"tag-republique-francaise","18":"tag-toulon"},"share_on_mastodon":{"url":"https:\/\/pubeurope.com\/@fr\/115130692037558238","error":""},"_links":{"self":[{"href":"https:\/\/www.europesays.com\/fr\/wp-json\/wp\/v2\/posts\/359005","targetHints":{"allow":["GET"]}}],"collection":[{"href":"https:\/\/www.europesays.com\/fr\/wp-json\/wp\/v2\/posts"}],"about":[{"href":"https:\/\/www.europesays.com\/fr\/wp-json\/wp\/v2\/types\/post"}],"author":[{"embeddable":true,"href":"https:\/\/www.europesays.com\/fr\/wp-json\/wp\/v2\/users\/2"}],"replies":[{"embeddable":true,"href":"https:\/\/www.europesays.com\/fr\/wp-json\/wp\/v2\/comments?post=359005"}],"version-history":[{"count":0,"href":"https:\/\/www.europesays.com\/fr\/wp-json\/wp\/v2\/posts\/359005\/revisions"}],"wp:featuredmedia":[{"embeddable":true,"href":"https:\/\/www.europesays.com\/fr\/wp-json\/wp\/v2\/media\/359006"}],"wp:attachment":[{"href":"https:\/\/www.europesays.com\/fr\/wp-json\/wp\/v2\/media?parent=359005"}],"wp:term":[{"taxonomy":"category","embeddable":true,"href":"https:\/\/www.europesays.com\/fr\/wp-json\/wp\/v2\/categories?post=359005"},{"taxonomy":"post_tag","embeddable":true,"href":"https:\/\/www.europesays.com\/fr\/wp-json\/wp\/v2\/tags?post=359005"}],"curies":[{"name":"wp","href":"https:\/\/api.w.org\/{rel}","templated":true}]}}