{"id":359008,"date":"2025-09-01T19:29:09","date_gmt":"2025-09-01T19:29:09","guid":{"rendered":"https:\/\/www.europesays.com\/fr\/359008\/"},"modified":"2025-09-01T19:29:09","modified_gmt":"2025-09-01T19:29:09","slug":"quelle-est-cette-operation-solidaire-ford-super-u-et-3mtkd","status":"publish","type":"post","link":"https:\/\/www.europesays.com\/fr\/359008\/","title":{"rendered":"quelle est cette op\u00e9ration\u00a0\u00bb solidaire Ford, Super U et 3MTKD\u00a0?"},"content":{"rendered":"<p>            Par<br \/>\n        <strong><br \/>\n            <a href=\"https:\/\/actu.fr\/auteur\/jm-aubert\" title=\"Consulter tous les articles de Jean-Marc Aubert\" rel=\"nofollow noopener\" target=\"_blank\">Jean-Marc Aubert<\/a><br \/>\n        <\/strong><\/p>\n<p>        Publi\u00e9 le<\/p>\n<p>            1 sept. 2025 \u00e0 21h13        <\/p>\n<p>Voil\u00e0 une belle initiative solidaire qu\u2019ils convient d\u2019applaudir et d\u2019encourager : <strong>Ford Montpellier<\/strong> et l\u2019enseigne<strong> Super U de Pignan<\/strong> s\u2019associent \u00e0 l\u2019association\u00a0<strong>3MTKD<\/strong> Sport Culture Social bas\u00e9e \u00e0 <strong>Montpellier<\/strong> pour une journ\u00e9e.\u00a0<\/p>\n<p class=\" wall-content\">Une date \u00e0 retenir : ce samedi 6 septembre 2025, de 9h \u00e0 18h, le parking du Super U de Pignan accueillera une op\u00e9ration exceptionnelle au profit de l\u2019association 3MTKD, acteur majeur de l\u2019inclusion sociale, du sport et de la culture dans l\u2019H\u00e9rault.\u00a0Pour chaque essai d\u2019un v\u00e9hicule Ford effectu\u00e9 ce jour-l\u00e0, Ford Montpellier reversera 20 \u20ac \u00e0 l\u2019association.<\/p>\n<p class=\" wall-content\">L\u2019objectif est ambitieux : atteindre 300 essais dans la journ\u00e9e, soit jusqu\u2019\u00e0 6 000 \u20ac pour financer les projets \u00e9ducatifs, sportifs et culturels en faveur des enfants et des jeunes de tous horizons.<\/p>\n<p class=\" wall-content\">Le public pourra tester toute la gamme 100% \u00e9lectrique Ford :<br \/>\u2022 Ford Puma Gen-E, Capri, Explorer, Mustang Mach-E,<br \/>\u2022 ainsi que les utilitaires \u00e9lectriques comme le E-Custom.<br \/>Informations pratiques :<br \/>Samedi 6 septembre 2025 \u2013 9h00 \u00e0 18h00<br \/>Super U Pignan \u2013 Placette Florence Arthaud, Saint-Est\u00e8ve, ZAC 34570 Pignan<br \/>Contact : 07 45 29 37 98<\/p>\n<p>Depuis 2 000<\/p>\n<p class=\" wall-content\">Cr\u00e9\u00e9e en 2000 \u00e0 Montpellier, l\u2019association 3MTKD Sport Culture Social d\u00e9veloppe des actions sportives, culturelles et sociales aupr\u00e8s de plus de 3000 jeunes chaque ann\u00e9e. Ses dispositifs vont du Taekwondo au football, en passant par l\u2019accompagnement scolaire, les s\u00e9jours de vacances et les actions de coh\u00e9sion sociale, avec une attention particuli\u00e8re port\u00e9e \u00e0 la mixit\u00e9 et \u00e0 l\u2019inclusion.<\/p>\n<p>&gt; Samedi 6 septembre 2025 \u2013 9h \u00e0 18h.\u00a0Super U Pignan \u2013 Placette Florence Arthaud, Saint-Est\u00e8ve, ZAC de Pignan.<\/p>\n<p class=\" wall-content\">Personnalisez votre actualit\u00e9 en ajoutant vos villes et m\u00e9dias en favori avec <a href=\"https:\/\/moncompte.actu.fr\" title=\"D\u00e9couvez Mon Actu\" rel=\"nofollow noopener\" data-trk=\"{&quot;cta&quot;:{&quot;action&quot;:&quot;https:\\\/\\\/moncompte.actu.fr&quot;,&quot;category&quot;:&quot;mon compte&quot;,&quot;from&quot;:&quot;article footer&quot;,&quot;name&quot;:&quot;Mon actu&quot;,&quot;type&quot;:&quot;cta&quot;}}\" target=\"_blank\">Mon Actu<\/a>.<\/p>\n","protected":false},"excerpt":{"rendered":"Par Jean-Marc Aubert Publi\u00e9 le 1 sept. 2025 \u00e0 21h13 Voil\u00e0 une belle initiative solidaire qu\u2019ils convient d\u2019applaudir&hellip;\n","protected":false},"author":2,"featured_media":359009,"comment_status":"","ping_status":"","sticky":false,"template":"","format":"standard","meta":{"footnotes":""},"categories":[9599],"tags":[1111,11,1777,674,1011,27,2208,12,2680,25,104],"class_list":{"0":"post-359008","1":"post","2":"type-post","3":"status-publish","4":"format-standard","5":"has-post-thumbnail","7":"category-montpellier","8":"tag-actu","9":"tag-actualites","10":"tag-eu","11":"tag-europe","12":"tag-fr","13":"tag-france","14":"tag-montpellier","15":"tag-news","16":"tag-occitanie","17":"tag-republique-francaise","18":"tag-societe"},"share_on_mastodon":{"url":"https:\/\/pubeurope.com\/@fr\/115130699994745892","error":""},"_links":{"self":[{"href":"https:\/\/www.europesays.com\/fr\/wp-json\/wp\/v2\/posts\/359008","targetHints":{"allow":["GET"]}}],"collection":[{"href":"https:\/\/www.europesays.com\/fr\/wp-json\/wp\/v2\/posts"}],"about":[{"href":"https:\/\/www.europesays.com\/fr\/wp-json\/wp\/v2\/types\/post"}],"author":[{"embeddable":true,"href":"https:\/\/www.europesays.com\/fr\/wp-json\/wp\/v2\/users\/2"}],"replies":[{"embeddable":true,"href":"https:\/\/www.europesays.com\/fr\/wp-json\/wp\/v2\/comments?post=359008"}],"version-history":[{"count":0,"href":"https:\/\/www.europesays.com\/fr\/wp-json\/wp\/v2\/posts\/359008\/revisions"}],"wp:featuredmedia":[{"embeddable":true,"href":"https:\/\/www.europesays.com\/fr\/wp-json\/wp\/v2\/media\/359009"}],"wp:attachment":[{"href":"https:\/\/www.europesays.com\/fr\/wp-json\/wp\/v2\/media?parent=359008"}],"wp:term":[{"taxonomy":"category","embeddable":true,"href":"https:\/\/www.europesays.com\/fr\/wp-json\/wp\/v2\/categories?post=359008"},{"taxonomy":"post_tag","embeddable":true,"href":"https:\/\/www.europesays.com\/fr\/wp-json\/wp\/v2\/tags?post=359008"}],"curies":[{"name":"wp","href":"https:\/\/api.w.org\/{rel}","templated":true}]}}