{"id":359012,"date":"2025-09-01T19:32:22","date_gmt":"2025-09-01T19:32:22","guid":{"rendered":"https:\/\/www.europesays.com\/fr\/359012\/"},"modified":"2025-09-01T19:32:22","modified_gmt":"2025-09-01T19:32:22","slug":"ismail-bouneb-ex-vafc-est-prete-au-quevilly-rouen-metropole-par-le-havre","status":"publish","type":"post","link":"https:\/\/www.europesays.com\/fr\/359012\/","title":{"rendered":"Ismail Bouneb (ex-VAFC) est pr\u00eat\u00e9 au Quevilly Rouen M\u00e9tropole par Le Havre"},"content":{"rendered":"<p>Ismail Bouneb, jeune milieu de 19 ans form\u00e9 \u00e0 Valenciennes et actuellement joueur du Havre, est pr\u00eat\u00e9 une saison \u00e0 QRM afin de gagner en exp\u00e9rience et en temps de jeu.<\/p>\n<p>Un pr\u00eat pour s\u2019aguerrir en Ligue 2<\/p>\n<p>Ismail Bouneb est pr\u00eat\u00e9 pour une saison \u00e0 QRM par Le Havre. L\u2019ancien valenciennois y va pour \u00ab gagner en exp\u00e9rience et du temps de jeu \u00bb, selon le <a href=\"https:\/\/www.hac-foot.com\/actualite\/ismail-bouneb-prete-a-qrm.html\" target=\"_blank\" rel=\"noopener nofollow\">communiqu\u00e9 <\/a>du HAC.  \u00ab Ismail est dans de parfaites dispositions puisqu\u2019il a effectu\u00e9 toute la pr\u00e9pa avec le groupe pro des Ciel &amp; Marine \u00bb, a de son c\u00f4t\u00e9 \u00e9crit le club normand dans son communiqu\u00e9.<\/p>\n<p>Bouneb, 19 ans et form\u00e9 \u00e0 Valenciennes, quitte le Nord \u00e0 l\u2019\u00e9t\u00e9 2024 apr\u00e8s la fin de son contrat et la relegation du club en National.<\/p>\n<blockquote class=\"twitter-tweet\" data-width=\"550\" data-dnt=\"true\">\n<p lang=\"fr\" dir=\"ltr\">Ismail Bouneb pr\u00eat\u00e9 \u00e0 QRM. \ud83d\udcdd<\/p>\n<p>Bonne saison Isma ! \ud83d\udc4b<\/p>\n<p>\u2014 Havre Athletic Club \u26bd\ufe0f (@HAC_Foot) <a href=\"https:\/\/twitter.com\/HAC_Foot\/status\/1962516089381777773?ref_src=twsrc%5Etfw\" target=\"_blank\" rel=\"noopener nofollow\">September 1, 2025<\/a><\/p><\/blockquote>\n<p>Gnam\u00e9 DIARRA<\/p>\n<p>Cr\u00e9dit photo : Johnny Fidelin\/<a href=\"https:\/\/www.iconsport.photo\/\" target=\"_blank\" rel=\"noopener nofollow\">Icon Sport<\/a><\/p>\n<p><script async src=\"https:\/\/platform.twitter.com\/widgets.js\" charset=\"utf-8\"><\/script><\/p>\n","protected":false},"excerpt":{"rendered":"Ismail Bouneb, jeune milieu de 19 ans form\u00e9 \u00e0 Valenciennes et actuellement joueur du Havre, est pr\u00eat\u00e9 une&hellip;\n","protected":false},"author":2,"featured_media":359013,"comment_status":"","ping_status":"","sticky":false,"template":"","format":"standard","meta":{"footnotes":""},"categories":[9587],"tags":[1111,11,1777,674,1011,27,12,5161,25,9590],"class_list":{"0":"post-359012","1":"post","2":"type-post","3":"status-publish","4":"format-standard","5":"has-post-thumbnail","7":"category-rouen","8":"tag-actu","9":"tag-actualites","10":"tag-eu","11":"tag-europe","12":"tag-fr","13":"tag-france","14":"tag-news","15":"tag-normandie","16":"tag-republique-francaise","17":"tag-rouen"},"share_on_mastodon":{"url":"https:\/\/pubeurope.com\/@fr\/115130711608847890","error":""},"_links":{"self":[{"href":"https:\/\/www.europesays.com\/fr\/wp-json\/wp\/v2\/posts\/359012","targetHints":{"allow":["GET"]}}],"collection":[{"href":"https:\/\/www.europesays.com\/fr\/wp-json\/wp\/v2\/posts"}],"about":[{"href":"https:\/\/www.europesays.com\/fr\/wp-json\/wp\/v2\/types\/post"}],"author":[{"embeddable":true,"href":"https:\/\/www.europesays.com\/fr\/wp-json\/wp\/v2\/users\/2"}],"replies":[{"embeddable":true,"href":"https:\/\/www.europesays.com\/fr\/wp-json\/wp\/v2\/comments?post=359012"}],"version-history":[{"count":0,"href":"https:\/\/www.europesays.com\/fr\/wp-json\/wp\/v2\/posts\/359012\/revisions"}],"wp:featuredmedia":[{"embeddable":true,"href":"https:\/\/www.europesays.com\/fr\/wp-json\/wp\/v2\/media\/359013"}],"wp:attachment":[{"href":"https:\/\/www.europesays.com\/fr\/wp-json\/wp\/v2\/media?parent=359012"}],"wp:term":[{"taxonomy":"category","embeddable":true,"href":"https:\/\/www.europesays.com\/fr\/wp-json\/wp\/v2\/categories?post=359012"},{"taxonomy":"post_tag","embeddable":true,"href":"https:\/\/www.europesays.com\/fr\/wp-json\/wp\/v2\/tags?post=359012"}],"curies":[{"name":"wp","href":"https:\/\/api.w.org\/{rel}","templated":true}]}}