{"id":359018,"date":"2025-09-01T19:35:11","date_gmt":"2025-09-01T19:35:11","guid":{"rendered":"https:\/\/www.europesays.com\/fr\/359018\/"},"modified":"2025-09-01T19:35:11","modified_gmt":"2025-09-01T19:35:11","slug":"la-ligne-b-du-metro-tombe-en-panne-toute-la-rame-est-evacuee","status":"publish","type":"post","link":"https:\/\/www.europesays.com\/fr\/359018\/","title":{"rendered":"la ligne B du m\u00e9tro tombe en panne, toute la rame est \u00e9vacu\u00e9e"},"content":{"rendered":"<p>            Par<br \/>\n        <strong><br \/>\n            <a href=\"https:\/\/actu.fr\/auteur\/laurene-fertin\" title=\"Consulter tous les articles de Laur\u00e8ne Fertin\" target=\"_blank\" rel=\"noopener\">Laur\u00e8ne Fertin<\/a><br \/>\n        <\/strong><\/p>\n<p>        Publi\u00e9 le<\/p>\n<p>            1 sept. 2025 \u00e0 17h22        <\/p>\n<p><strong>La ligne B du m\u00e9tro<\/strong>, \u00e0 Rennes, a (encore) fait des siennes, ce lundi 1\u1d49\u02b3 septembre\u00a02025. Jour de <a href=\"https:\/\/actu.fr\/tag\/rentree-scolaire\" target=\"_blank\" rel=\"noopener\">rentr\u00e9e scolaire<\/a>, <strong>une panne s\u2019est d\u00e9clar\u00e9e<\/strong> aux alentours de 14h15. Celle-ci a dur\u00e9 plus d\u2019une heure.<\/p>\n<p>\u00ab\u2009Un enfer\u2009\u00bb<\/p>\n<p class=\" wall-content\">Robin faisait partie des personnes \u00e0 bord. <strong>\u00ab\u2009On a \u00e9t\u00e9 bloqu\u00e9 puis \u00e9vacu\u00e9, l\u2019enfer\u2009\u00bb,<\/strong> soupire le jeune homme. \u00ab\u2009J\u2019ai pris le m\u00e9tro \u00e0 l\u2019arr\u00eat Saint-Germain\u2009\u00bb, retrace-t-il, \u00ab\u2009le trajet a dur\u00e9 environ 25\u00a0minutes.\u2009\u00bb<\/p>\n<blockquote class=\"ac-article-quote wall-content\">\n<p>Et l\u00e0, il y a eu une secousse et ensuite le m\u00e9tro a pil\u00e9 d&rsquo;une force ! J&rsquo;ai failli m&rsquo;\u00e9taler.<\/p>\n<p>    <strong>Robin<\/strong>\n            <\/p><\/blockquote>\n<p class=\" wall-content\">\u00ab\u2009Au d\u00e9part, on nous a dit que la panne allait durer moins de 30\u00a0minutes. Puis une fois les 30\u00a0minutes pass\u00e9es, on nous a dit que le probl\u00e8me allait \u00eatre r\u00e9gl\u00e9 dans moins de 60\u00a0minutes\u2009\u00bb, abonde Robin.<\/p>\n<p class=\" wall-content\">Finalement, <strong>la rame a \u00e9t\u00e9 \u00e9vacu\u00e9e<\/strong>\u2009: \u00ab\u2009Comme on \u00e9tait \u00e0 moins de 25\u00a0minutes de la station Saint-Germain, on a pu sortir facilement [\u2026] Sympa pour la rentr\u00e9e\u2009!\u2009\u00bb.<\/p>\n<p class=\" wall-content\">\n<p>Une exp\u00e9rimentation<\/p>\n<p class=\" wall-content\">Contact\u00e9s, Keolis (gestionnaire du r\u00e9seau Star) n\u2019a, pour le moment, pas r\u00e9pondu \u00e0 nos sollicitations sur l\u2019origine de cette panne.<\/p>\n<p>Votre r\u00e9gion, votre actu !<\/p>\n<p>Recevez chaque jour les infos qui comptent pour vous.<\/p>\n<p>\t<a href=\"https:\/\/actu.fr\/newsletter\" class=\"ac-btn ac-btn--corner ac-btn--medium ac-btn--blue800\" target=\"_blank\" rel=\"noopener\">S&rsquo;incrire<\/a><\/p>\n<p class=\" wall-content\">Conscients des soucis que rencontrent les utilisateurs, la M\u00e9tropole, avec Keolis, ont lanc\u00e9 d\u00e8s ce lundi 1\u1d49\u02b3 septembre<a href=\"https:\/\/actu.fr\/bretagne\/rennes_35238\/rentree-scolaire-a-rennes-pourquoi-certains-eleves-ne-se-leveront-plus-a-la-meme-heure-cette-annee_63083908.html\" target=\"_blank\" rel=\"noopener\"><strong> une phase d\u2019exp\u00e9rimentation<\/strong> afin d\u2019\u00e9viter que la ligne ne soit trop engorg\u00e9e le matin<\/a>.<\/p>\n<p class=\" wall-content\">Les \u00e9tudiants sont en effet nombreux \u00e0 se rendre en m\u00e9tro pour rejoindre leur \u00e9tablissement scolaire, occasionnant des pics de fr\u00e9quentation cons\u00e9quents, notamment vers 7h35. Quatre lyc\u00e9es ont ainsi accept\u00e9 de retarder de 5 \u00e0 15 minutes les cours du matin.<\/p>\n<p class=\" wall-content\">Personnalisez votre actualit\u00e9 en ajoutant vos villes et m\u00e9dias en favori avec <a href=\"https:\/\/moncompte.actu.fr\" title=\"D\u00e9couvez Mon Actu\" rel=\"nofollow noopener\" data-trk=\"{&quot;cta&quot;:{&quot;action&quot;:&quot;https:\\\/\\\/moncompte.actu.fr&quot;,&quot;category&quot;:&quot;mon compte&quot;,&quot;from&quot;:&quot;article footer&quot;,&quot;name&quot;:&quot;Mon actu&quot;,&quot;type&quot;:&quot;cta&quot;}}\" target=\"_blank\">Mon Actu<\/a>.<\/p>\n","protected":false},"excerpt":{"rendered":"Par Laur\u00e8ne Fertin Publi\u00e9 le 1 sept. 2025 \u00e0 17h22 La ligne B du m\u00e9tro, \u00e0 Rennes, a&hellip;\n","protected":false},"author":2,"featured_media":359019,"comment_status":"","ping_status":"","sticky":false,"template":"","format":"standard","meta":{"footnotes":""},"categories":[2821],"tags":[1111,11,829,1777,674,1011,27,4047,5000,12,584,25,5001,104],"class_list":{"0":"post-359018","1":"post","2":"type-post","3":"status-publish","4":"format-standard","5":"has-post-thumbnail","7":"category-rennes","8":"tag-actu","9":"tag-actualites","10":"tag-bretagne","11":"tag-eu","12":"tag-europe","13":"tag-fr","14":"tag-france","15":"tag-metro","16":"tag-metro-de-rennes","17":"tag-news","18":"tag-rennes","19":"tag-republique-francaise","20":"tag-reseau-star","21":"tag-societe"},"share_on_mastodon":{"url":"https:\/\/pubeurope.com\/@fr\/115130723434288091","error":""},"_links":{"self":[{"href":"https:\/\/www.europesays.com\/fr\/wp-json\/wp\/v2\/posts\/359018","targetHints":{"allow":["GET"]}}],"collection":[{"href":"https:\/\/www.europesays.com\/fr\/wp-json\/wp\/v2\/posts"}],"about":[{"href":"https:\/\/www.europesays.com\/fr\/wp-json\/wp\/v2\/types\/post"}],"author":[{"embeddable":true,"href":"https:\/\/www.europesays.com\/fr\/wp-json\/wp\/v2\/users\/2"}],"replies":[{"embeddable":true,"href":"https:\/\/www.europesays.com\/fr\/wp-json\/wp\/v2\/comments?post=359018"}],"version-history":[{"count":0,"href":"https:\/\/www.europesays.com\/fr\/wp-json\/wp\/v2\/posts\/359018\/revisions"}],"wp:featuredmedia":[{"embeddable":true,"href":"https:\/\/www.europesays.com\/fr\/wp-json\/wp\/v2\/media\/359019"}],"wp:attachment":[{"href":"https:\/\/www.europesays.com\/fr\/wp-json\/wp\/v2\/media?parent=359018"}],"wp:term":[{"taxonomy":"category","embeddable":true,"href":"https:\/\/www.europesays.com\/fr\/wp-json\/wp\/v2\/categories?post=359018"},{"taxonomy":"post_tag","embeddable":true,"href":"https:\/\/www.europesays.com\/fr\/wp-json\/wp\/v2\/tags?post=359018"}],"curies":[{"name":"wp","href":"https:\/\/api.w.org\/{rel}","templated":true}]}}