{"id":359020,"date":"2025-09-01T19:36:18","date_gmt":"2025-09-01T19:36:18","guid":{"rendered":"https:\/\/www.europesays.com\/fr\/359020\/"},"modified":"2025-09-01T19:36:18","modified_gmt":"2025-09-01T19:36:18","slug":"mikayil-faye-prete-a-cremonese","status":"publish","type":"post","link":"https:\/\/www.europesays.com\/fr\/359020\/","title":{"rendered":"Mikayil Faye pr\u00eat\u00e9 \u00e0 Cremonese"},"content":{"rendered":"<p>Mikayil Faye n\u2019aura pas fait de vieux os en Bretage. Arriv\u00e9 au Stade Rennais la saison derni\u00e8re, l\u2019ancien d\u00e9fenseur du FC Barcelone plie bagage apr\u00e8s seulement 13 matches disput\u00e9s avec les Rouge et Noir. Le club breton vient d\u2019annoncer le d\u00e9part en pr\u00eat du joueur \u00e0 <a href=\"https:\/\/www.footmercato.net\/club\/us-cremonese\/\" rel=\"nofollow noopener\" target=\"_blank\">Cremonese<\/a>.<\/p>\n<p>            La suite apr\u00e8s cette publicit\u00e9<\/p>\n<p>\u00abArriv\u00e9 en ao\u00fbt 2024 dans la capitale bretonne, <a href=\"https:\/\/www.footmercato.net\/joueur\/mikayil-ngor-faye\/\" rel=\"nofollow noopener\" target=\"_blank\">Mikayil Faye<\/a> va d\u00e9couvrir la Serie A avec l\u2019Unione Sportiva Cremonese. Le d\u00e9fenseur de 21 ans est pr\u00eat\u00e9 pour une saison, avec option d\u2019achat. Issu de l\u2019\u00e9quipe r\u00e9serve du FC Barcelone, Mikayil aura pris part \u00e0 11 matchs sous les couleurs Rouge et Noir. Bonne route Mika !\u00bb<\/p>\n<p>\n    Pub. le 01\/09\/2025 19:25<br \/>\n            &#8211; MAJ le 01\/09\/2025 20:45\n    <\/p>\n","protected":false},"excerpt":{"rendered":"Mikayil Faye n\u2019aura pas fait de vieux os en Bretage. Arriv\u00e9 au Stade Rennais la saison derni\u00e8re, l\u2019ancien&hellip;\n","protected":false},"author":2,"featured_media":321081,"comment_status":"","ping_status":"","sticky":false,"template":"","format":"standard","meta":{"footnotes":""},"categories":[2821],"tags":[1111,11,829,1777,674,1011,27,12,584,25],"class_list":{"0":"post-359020","1":"post","2":"type-post","3":"status-publish","4":"format-standard","5":"has-post-thumbnail","7":"category-rennes","8":"tag-actu","9":"tag-actualites","10":"tag-bretagne","11":"tag-eu","12":"tag-europe","13":"tag-fr","14":"tag-france","15":"tag-news","16":"tag-rennes","17":"tag-republique-francaise"},"share_on_mastodon":{"url":"https:\/\/pubeurope.com\/@fr\/115130727383805706","error":""},"_links":{"self":[{"href":"https:\/\/www.europesays.com\/fr\/wp-json\/wp\/v2\/posts\/359020","targetHints":{"allow":["GET"]}}],"collection":[{"href":"https:\/\/www.europesays.com\/fr\/wp-json\/wp\/v2\/posts"}],"about":[{"href":"https:\/\/www.europesays.com\/fr\/wp-json\/wp\/v2\/types\/post"}],"author":[{"embeddable":true,"href":"https:\/\/www.europesays.com\/fr\/wp-json\/wp\/v2\/users\/2"}],"replies":[{"embeddable":true,"href":"https:\/\/www.europesays.com\/fr\/wp-json\/wp\/v2\/comments?post=359020"}],"version-history":[{"count":0,"href":"https:\/\/www.europesays.com\/fr\/wp-json\/wp\/v2\/posts\/359020\/revisions"}],"wp:featuredmedia":[{"embeddable":true,"href":"https:\/\/www.europesays.com\/fr\/wp-json\/wp\/v2\/media\/321081"}],"wp:attachment":[{"href":"https:\/\/www.europesays.com\/fr\/wp-json\/wp\/v2\/media?parent=359020"}],"wp:term":[{"taxonomy":"category","embeddable":true,"href":"https:\/\/www.europesays.com\/fr\/wp-json\/wp\/v2\/categories?post=359020"},{"taxonomy":"post_tag","embeddable":true,"href":"https:\/\/www.europesays.com\/fr\/wp-json\/wp\/v2\/tags?post=359020"}],"curies":[{"name":"wp","href":"https:\/\/api.w.org\/{rel}","templated":true}]}}